{"id":24096,"date":"2015-01-23T11:40:20","date_gmt":"2015-01-23T16:40:20","guid":{"rendered":"http:\/\/www.ambiente.gob.ec\/?p=24096"},"modified":"2015-01-23T17:14:56","modified_gmt":"2015-01-23T22:14:56","slug":"ecuador-marco-un-precedente-mundial-por-los-logros-obtenidos-en-la-convencion-de-especies-migratorias-en-2014","status":"publish","type":"post","link":"https:\/\/www.ambienteyenergia.gob.ec\/ambiente\/ecuador-marco-un-precedente-mundial-por-los-logros-obtenidos-en-la-convencion-de-especies-migratorias-en-2014\/","title":{"rendered":"Ecuador marc\u00f3 un precedente mundial por los logros obtenidos en la Convenci\u00f3n de Especies Migratorias en 2014"},"content":{"rendered":"<p align=\"JUSTIFY\">En entrevista transmitida por la cadena internacional CNN en espa\u00f1ol, la Ministra de Ambiente de Ecuador, Lorena Tapia, en compa\u00f1\u00eda de Francisco Rilla, oficial de capacitaci\u00f3n de Naciones Unidas, dialog\u00f3 con el periodista Ismael Cala sobre los avances de Ecuador en materia ambiental, a partir del reconocimiento de los Derechos de la Naturaleza, que son una muestra del potencial nacional en materia de pol\u00edticas para la protecci\u00f3n del patrimonio natural encaminado al desarrollo sostenible del Buen Vivir.<\/p>\n<p align=\"JUSTIFY\">Todos estos avances reconocidos a nivel internacional permitieron que Ecuador alcance un nuevo hito en 2014, ser por primera vez en Latinoam\u00e9rica sede de la XI Convenci\u00f3n sobre la Conservaci\u00f3n de Especies Migratorias de Vida Silvestre de Naciones Unidas.<\/p>\n<p align=\"JUSTIFY\">Al ser consultada por el periodista Ismael Cala sobre los resultados de la convenci\u00f3n, la m\u00e1xima autoridad ambiental coment\u00f3 que el evento fue sin duda una oportunidad \u00fanica que tuvo el pa\u00eds para demostrar mundialmente que es posible hablar de un desarrollo equilibrado, con responsabilidad ambiental y social.<\/p>\n<p align=\"JUSTIFY\">\u201cDebemos comprender que los Derechos de la Naturaleza buscan colocar al Ser Humano y a la Naturaleza en igualdad de condiciones, a trav\u00e9s de la aplicabilidad de principios legales, que a su vez exigen de todos nosotros una responsabilidad objetiva sobre la influencia que ejercemos sobre el ambiente\u201d, enfatiz\u00f3 Lorena Tapia.<\/p>\n<p align=\"JUSTIFY\">Por su parte, Francisco Rilla reconoci\u00f3 que Quito marc\u00f3 un antes y un despu\u00e9s en materia de conservaci\u00f3n de especies migratorias pues se logr\u00f3 incluir dentro de los Ap\u00e9ndices I y II de la CMS a 31 de las 32 especies propuestas por los pa\u00edses partes de esta convenci\u00f3n. Ecuador logr\u00f3 incluir dentro de las listas al Tibur\u00f3n Martillo (gigante y com\u00fan), al Playerito Semipalmeado y a la Reinita Canadiense. \u201cQuiero felicitar al Ecuador porque se ha marcado una diferencia con las otras convenciones porque esta tuvo un eco medi\u00e1tico que no se tuvo antes\u201d, recalc\u00f3 Rilla.<\/p>\n<p align=\"JUSTIFY\">Las especies migratorias, en los \u00faltimos a\u00f1os se han constituido como una fuente de servicios ambientales, recursos ecol\u00f3gicos y econ\u00f3micos. \u201cProteger a estas especies no solo ayuda a su supervivencia, sino tambi\u00e9n al equilibrio de las cadenas alimenticias, contribuyen adem\u00e1s al buen funcionamiento ecosist\u00e9mico de sus zonas de influencia, tanto para el ser humano como para otras especies\u201d, coment\u00f3 Tapia.<\/p>\n<p align=\"JUSTIFY\">El Ministerio del Ambiente de Ecuador (MAE) a los largo de estos \u00faltimos ocho a\u00f1os ha fortalecido la gesti\u00f3n ambiental en diferentes sectores de la poblaci\u00f3n, a trav\u00e9s de la ejecuci\u00f3n de iniciativas como programas de incentivos forestales, reconocimientos a procesos de producci\u00f3n m\u00e1s limpia y programas de limpieza de fuentes h\u00eddricas, a m\u00e1s de fomentar una adecuada gesti\u00f3n de desechos s\u00f3lidos por medio de programas de educaci\u00f3n ambiental y eliminaci\u00f3n de botaderos a cielo abierto a nivel nacional.<\/p>\n<p align=\"JUSTIFY\">Al finalizar la entrevista, Ismael Cala felicit\u00f3 a Ecuador por ser uno de los pocos pa\u00edses que ha demostrado al mundo el compromiso pol\u00edtico, social y ambiental que lo ha posicionado como un referente de desarrollo a nivel internacional gracias al aporte en temas de conservaci\u00f3n de \u00e1reas naturales, de vida silvestre y protecci\u00f3n de especies migratorias.<\/p>\n<p align=\"JUSTIFY\"><strong>Gal\u00e1pagos, la joya de la conservaci\u00f3n ecuatoriana<\/strong><\/p>\n<p align=\"JUSTIFY\">Las Islas Gal\u00e1pagos fueron declaradas en el a\u00f1o de 1900 como patrimonio natural de la humanidad, reconocimiento ratificado por la UNESCO en el 2000.<\/p>\n<p align=\"JUSTIFY\">Esta declaratoria supone un compromiso internacional por proteger este importante ecosistema que es una referencia a nivel cient\u00edfico, ambiental y de desarrollo arm\u00f3nico sin afectar el patrimonio natural.<\/p>\n<p align=\"JUSTIFY\">97% del territorio en las Islas posee la categor\u00eda de conservado, pues al ser un ecosistema fr\u00e1gil requiere de un escenario sostenible para mantener la calidad de los servicios ambientales y sociales que han brindado las islas a todo el mundo por muchos a\u00f1os.<\/p>\n<p align=\"JUSTIFY\">La Ministra de Ambiente recalc\u00f3 que el Gobierno Nacional ha desarrollado una estructura s\u00f3lida al rededor de lo que representa Gal\u00e1pagos a nivel internacional, con la generaci\u00f3n y aplicaci\u00f3n de pol\u00edticas espec\u00edficas que logren un equilibrio entre conservaci\u00f3n, turismo y uso sostenible de recursos<\/p>\n<p align=\"JUSTIFY\">Actualmente el archipi\u00e9lago cuenta con una planta de energ\u00eda e\u00f3lica, una planta fotovolt\u00e1ica y un aeropuerto ecol\u00f3gico y un hospital regional.\/ds<\/p>\n<p align=\"JUSTIFY\">Puedes ver el video la entrevista a la Ministra de Ambiente, Lorena Tapia, <a href=\"https:\/\/www.youtube.com\/watch?v=aotz_CitZ_c\" target=\"_blank\">aqu\u00ed<\/a>.<\/p>\n","protected":false},"excerpt":{"rendered":"<p class=\"excerpt\">En entrevista transmitida por la cadena internacional CNN en espa\u00f1ol, la Ministra de Ambiente de Ecuador, Lorena Tapia, en compa\u00f1\u00eda de Francisco Rilla, oficial de capacitaci\u00f3n de Naciones Unidas, dialog\u00f3 con el periodista Ismael Cala sobre los avances de Ecuador en materia ambiental, a partir del reconocimiento de los Derechos de la Naturaleza, que son una muestra del potencial nacional&hellip; <a href=\"https:\/\/www.ambienteyenergia.gob.ec\/ambiente\/ecuador-marco-un-precedente-mundial-por-los-logros-obtenidos-en-la-convencion-de-especies-migratorias-en-2014\/\">Read more &rarr;<\/a><\/p>\n","protected":false},"author":13,"featured_media":0,"comment_status":"open","ping_status":"open","sticky":false,"template":"","format":"standard","meta":{"footnotes":""},"categories":[16,4],"tags":[658,559,660,659,657,56,108,53],"class_list":["post-24096","post","type-post","status-publish","format-standard","hentry","category-comunicamos","category-noticias","tag-cnn","tag-cop11","tag-derechos-de-la-naturaleza","tag-desarrollo-sostenible","tag-entrevista","tag-galapagos","tag-lorena-tapia","tag-mae","xfolkentry"],"_links":{"self":[{"href":"https:\/\/www.ambienteyenergia.gob.ec\/ambiente\/wp-json\/wp\/v2\/posts\/24096","targetHints":{"allow":["GET"]}}],"collection":[{"href":"https:\/\/www.ambienteyenergia.gob.ec\/ambiente\/wp-json\/wp\/v2\/posts"}],"about":[{"href":"https:\/\/www.ambienteyenergia.gob.ec\/ambiente\/wp-json\/wp\/v2\/types\/post"}],"author":[{"embeddable":true,"href":"https:\/\/www.ambienteyenergia.gob.ec\/ambiente\/wp-json\/wp\/v2\/users\/13"}],"replies":[{"embeddable":true,"href":"https:\/\/www.ambienteyenergia.gob.ec\/ambiente\/wp-json\/wp\/v2\/comments?post=24096"}],"version-history":[{"count":0,"href":"https:\/\/www.ambienteyenergia.gob.ec\/ambiente\/wp-json\/wp\/v2\/posts\/24096\/revisions"}],"wp:attachment":[{"href":"https:\/\/www.ambienteyenergia.gob.ec\/ambiente\/wp-json\/wp\/v2\/media?parent=24096"}],"wp:term":[{"taxonomy":"category","embeddable":true,"href":"https:\/\/www.ambienteyenergia.gob.ec\/ambiente\/wp-json\/wp\/v2\/categories?post=24096"},{"taxonomy":"post_tag","embeddable":true,"href":"https:\/\/www.ambienteyenergia.gob.ec\/ambiente\/wp-json\/wp\/v2\/tags?post=24096"}],"curies":[{"name":"wp","href":"https:\/\/api.w.org\/{rel}","templated":true}]}}