{"id":24094,"date":"2015-01-22T16:34:06","date_gmt":"2015-01-22T21:34:06","guid":{"rendered":"http:\/\/www.ambiente.gob.ec\/?p=24094"},"modified":"2015-01-22T16:34:06","modified_gmt":"2015-01-22T21:34:06","slug":"un-venado-colorado-fue-liberado-en-pallatanga","status":"publish","type":"post","link":"https:\/\/www.ambienteyenergia.gob.ec\/ambiente\/un-venado-colorado-fue-liberado-en-pallatanga\/","title":{"rendered":"Un venado colorado fue liberado en Pallatanga"},"content":{"rendered":"<p>T\u00e9cnicos de la Unidad de Vida Silvestre del Ministerio del Ambiente (MAE), con el apoyo de la ciudadan\u00eda y el Gobierno Aut\u00f3nomo Municipal de Pallatanga rescataron un venado colorado enano que presentaba heridas en sus extremidades posteriores. El esp\u00e9cimen fue encontrado en el sector del R\u00edo Huitzitze.<\/p>\n<p>El venado fue localizado por un grupo de j\u00f3venes de la localidad que al verlo lesionado procedieron a reportar al Municipio, quienes a trav\u00e9s de su Direcci\u00f3n de Ambiente Municipal\u00a0comunicaron a la Direcci\u00f3n Provincial del Ambiente para su respectivo rescate.<\/p>\n<p>Una vez en el sitio, personal t\u00e9cnico del MAE procedi\u00f3 a examinar el estado de salud del ejemplar, se detect\u00f3 dos heridas profundas en sus extremidades las mismas que fueron suturadas con el apoyo del M\u00e9dico Veterinario del GAD.<\/p>\n<p>Una vez culminada la intervenci\u00f3n quir\u00fargica, funcionarios de esta Cartera de Estado trasladaron al esp\u00e9cimen a un sector monta\u00f1oso del cant\u00f3n en donde se lo liber\u00f3 sin ning\u00fan inconveniente.<\/p>\n<p>Las acciones del MAE en el pa\u00eds como campa\u00f1as, charlas de educaci\u00f3n ambiental y socializaci\u00f3n de la Ley forestal y de Conservaci\u00f3n de \u00c1reas naturales y de Vida Silvestre evidencian el grado de responsabilidad que los ciudadanos han alcanzado en la protecci\u00f3n y conservaci\u00f3n de la fauna y flora silvestre.\/hc-ds<\/p>\n<p>&nbsp;<\/p>\n","protected":false},"excerpt":{"rendered":"<p class=\"excerpt\">T\u00e9cnicos de la Unidad de Vida Silvestre del Ministerio del Ambiente (MAE), con el apoyo de la ciudadan\u00eda y el Gobierno Aut\u00f3nomo Municipal de Pallatanga rescataron un venado colorado enano que presentaba heridas en sus extremidades posteriores. El esp\u00e9cimen fue encontrado en el sector del R\u00edo Huitzitze. El venado fue localizado por un grupo de j\u00f3venes de la localidad que&hellip; <a href=\"https:\/\/www.ambienteyenergia.gob.ec\/ambiente\/un-venado-colorado-fue-liberado-en-pallatanga\/\">Read more &rarr;<\/a><\/p>\n","protected":false},"author":13,"featured_media":0,"comment_status":"open","ping_status":"open","sticky":false,"template":"","format":"standard","meta":{"footnotes":""},"categories":[16,4],"tags":[101,457,655,53,656,408],"class_list":["post-24094","post","type-post","status-publish","format-standard","hentry","category-comunicamos","category-noticias","tag-chimborazo","tag-liberacion","tag-lorena-tapia-rescate","tag-mae","tag-pallatanga","tag-vida-silvestre","xfolkentry"],"_links":{"self":[{"href":"https:\/\/www.ambienteyenergia.gob.ec\/ambiente\/wp-json\/wp\/v2\/posts\/24094","targetHints":{"allow":["GET"]}}],"collection":[{"href":"https:\/\/www.ambienteyenergia.gob.ec\/ambiente\/wp-json\/wp\/v2\/posts"}],"about":[{"href":"https:\/\/www.ambienteyenergia.gob.ec\/ambiente\/wp-json\/wp\/v2\/types\/post"}],"author":[{"embeddable":true,"href":"https:\/\/www.ambienteyenergia.gob.ec\/ambiente\/wp-json\/wp\/v2\/users\/13"}],"replies":[{"embeddable":true,"href":"https:\/\/www.ambienteyenergia.gob.ec\/ambiente\/wp-json\/wp\/v2\/comments?post=24094"}],"version-history":[{"count":0,"href":"https:\/\/www.ambienteyenergia.gob.ec\/ambiente\/wp-json\/wp\/v2\/posts\/24094\/revisions"}],"wp:attachment":[{"href":"https:\/\/www.ambienteyenergia.gob.ec\/ambiente\/wp-json\/wp\/v2\/media?parent=24094"}],"wp:term":[{"taxonomy":"category","embeddable":true,"href":"https:\/\/www.ambienteyenergia.gob.ec\/ambiente\/wp-json\/wp\/v2\/categories?post=24094"},{"taxonomy":"post_tag","embeddable":true,"href":"https:\/\/www.ambienteyenergia.gob.ec\/ambiente\/wp-json\/wp\/v2\/tags?post=24094"}],"curies":[{"name":"wp","href":"https:\/\/api.w.org\/{rel}","templated":true}]}}