{"id":24090,"date":"2015-01-22T15:59:51","date_gmt":"2015-01-22T20:59:51","guid":{"rendered":"http:\/\/www.ambiente.gob.ec\/?p=24090"},"modified":"2015-01-22T16:01:50","modified_gmt":"2015-01-22T21:01:50","slug":"mae-decomiso-934-metros-cubicos-de-madera-en-orellana","status":"publish","type":"post","link":"https:\/\/www.ambienteyenergia.gob.ec\/ambiente\/mae-decomiso-934-metros-cubicos-de-madera-en-orellana\/","title":{"rendered":"MAE decomis\u00f3 9,34 metros c\u00fabicos de madera en Orellana"},"content":{"rendered":"<p><span lang=\"es-EC\">En el marco de la aplicaci\u00f3n del desarrollo del Proyecto Nacional de Control Forestal, el Ministerio del Ambiente de Ecuador (MAE) ha ejecutado m\u00faltiples operativos de control en Orellana, con el objetivo de controlar el correcto aprovechamiento, circulaci\u00f3n y comercializaci\u00f3n del recurso forestal, reduciendo el tr\u00e1fico ilegal de madera, promoviendo la conservaci\u00f3n e impulsando un manejo sostenible de los recursos forestales.<\/p>\n<p>Es por ello que la Direcci\u00f3n del Ambiente de Orellana, en un trabajo conjunto con la Unidad de Protecci\u00f3n del Medio Ambiente (UPMA) de la Polic\u00eda Nacional logr\u00f3 decomisar madera ilegal en el sector de Rumipamba, dentro de la Zona Naranja de la Franja de Seguridad del Plan de Medidas Cautelares.<\/p>\n<p>Motivo por el cual, y al no contar con la documentaci\u00f3n habilitante como la Licencia de Aprovechamiento, personal t\u00e9cnico procedi\u00f3 a realizar la retenci\u00f3n de 9,34 metros c\u00fabicos de madera de las especies caimitillo y arenillo.<\/p>\n<p>El producto forestal decomisado, se encuentra bajo custodia del MAE en Orellana, en el patio de madera de la Brigada Selva 19 Napo hasta que el respectivo proceso administrativo determin\u00e9 el procedimiento a seguir, en cumplimiento de la ley.<\/p>\n<p>Los operativos de control forestal continuar\u00e1n de forma permanente en Orellana con el objetivo de disminuir el aprovechamiento ilegal de la madera en la Franja de Seguridad.<\/p>\n<p>Mediante Acuerdo Ministerial N\u00b0 049 se establecen los procedimientos administrativos para la verificaci\u00f3n y control forestal de la procedencia y destino final de los productos forestales, estos procedimientos se aplicar\u00e1 a todos los establecimientos representados por personas naturales y jur\u00eddicas, que tengan como objetivo la adquisici\u00f3n, transformaci\u00f3n, comercializaci\u00f3n o almacenaje de productos forestales.\/ra-ds\u00a0<\/span><\/p>\n<p>&nbsp;<\/p>\n","protected":false},"excerpt":{"rendered":"<p class=\"excerpt\">En el marco de la aplicaci\u00f3n del desarrollo del Proyecto Nacional de Control Forestal, el Ministerio del Ambiente de Ecuador (MAE) ha ejecutado m\u00faltiples operativos de control en Orellana, con el objetivo de controlar el correcto aprovechamiento, circulaci\u00f3n y comercializaci\u00f3n del recurso forestal, reduciendo el tr\u00e1fico ilegal de madera, promoviendo la conservaci\u00f3n e impulsando un manejo sostenible de los recursos&hellip; <a href=\"https:\/\/www.ambienteyenergia.gob.ec\/ambiente\/mae-decomiso-934-metros-cubicos-de-madera-en-orellana\/\">Read more &rarr;<\/a><\/p>\n","protected":false},"author":13,"featured_media":0,"comment_status":"open","ping_status":"open","sticky":false,"template":"","format":"standard","meta":{"footnotes":""},"categories":[16,4],"tags":[261,447,108,654,53,182],"class_list":["post-24090","post","type-post","status-publish","format-standard","hentry","category-comunicamos","category-noticias","tag-control-forestal","tag-decomiso","tag-lorena-tapia","tag-madera-ilegal","tag-mae","tag-orellana","xfolkentry"],"_links":{"self":[{"href":"https:\/\/www.ambienteyenergia.gob.ec\/ambiente\/wp-json\/wp\/v2\/posts\/24090","targetHints":{"allow":["GET"]}}],"collection":[{"href":"https:\/\/www.ambienteyenergia.gob.ec\/ambiente\/wp-json\/wp\/v2\/posts"}],"about":[{"href":"https:\/\/www.ambienteyenergia.gob.ec\/ambiente\/wp-json\/wp\/v2\/types\/post"}],"author":[{"embeddable":true,"href":"https:\/\/www.ambienteyenergia.gob.ec\/ambiente\/wp-json\/wp\/v2\/users\/13"}],"replies":[{"embeddable":true,"href":"https:\/\/www.ambienteyenergia.gob.ec\/ambiente\/wp-json\/wp\/v2\/comments?post=24090"}],"version-history":[{"count":0,"href":"https:\/\/www.ambienteyenergia.gob.ec\/ambiente\/wp-json\/wp\/v2\/posts\/24090\/revisions"}],"wp:attachment":[{"href":"https:\/\/www.ambienteyenergia.gob.ec\/ambiente\/wp-json\/wp\/v2\/media?parent=24090"}],"wp:term":[{"taxonomy":"category","embeddable":true,"href":"https:\/\/www.ambienteyenergia.gob.ec\/ambiente\/wp-json\/wp\/v2\/categories?post=24090"},{"taxonomy":"post_tag","embeddable":true,"href":"https:\/\/www.ambienteyenergia.gob.ec\/ambiente\/wp-json\/wp\/v2\/tags?post=24090"}],"curies":[{"name":"wp","href":"https:\/\/api.w.org\/{rel}","templated":true}]}}