{"id":24087,"date":"2015-01-22T14:58:42","date_gmt":"2015-01-22T19:58:42","guid":{"rendered":"http:\/\/www.ambiente.gob.ec\/?p=24087"},"modified":"2015-01-22T14:58:42","modified_gmt":"2015-01-22T19:58:42","slug":"conciencia-y-conocimiento-estrategias-solidas-para-contrarrestar-efectos-del-cambio-climatico","status":"publish","type":"post","link":"https:\/\/www.ambienteyenergia.gob.ec\/ambiente\/conciencia-y-conocimiento-estrategias-solidas-para-contrarrestar-efectos-del-cambio-climatico\/","title":{"rendered":"Conciencia y conocimiento, estrategias s\u00f3lidas para contrarrestar efectos del cambio clim\u00e1tico"},"content":{"rendered":"<p><span style=\"color: rgb(0, 0, 0);\">Por medio de la ejecuci\u00f3n de 37 talleres se logr\u00f3 capacitar a 3 699 personas, de la cuenca del r\u00edo Jubones, sobre Cambio Clim\u00e1tico y Seguridad Alimentaria. En el proceso se desarroll\u00f3 un importante di\u00e1logo de saberes que gener\u00f3 reflexiones locales sobre los efectos adversos del Cambio Clim\u00e1tico en la Seguridad Alimentaria. Una evaluaci\u00f3n del aprendizaje demostr\u00f3 que el 70,5% de mujeres y el 70,4% de hombres que participaron consideran que el cambio clim\u00e1tico influye mucho en la alimentaci\u00f3n de su hogar y que se necesita la participaci\u00f3n igualitaria de todos los actores para la generaci\u00f3n de soluciones de adaptaci\u00f3n.<\/span><\/p>\n<p><span style=\"color: rgb(0, 0, 0);\">Con el prop\u00f3sito de que la campa\u00f1a vincular a la juventud en este proceso de capacitaci\u00f3n, el Ministerio del Ambiente de Ecuador (MAE) desarroll\u00f3 algunos talleres en los Colegios Agropecuarios de la zona, lo que permiti\u00f3 sistematizar conocimientos en relaci\u00f3n a seguridad alimentaria y cambio clim\u00e1tico.<\/span><\/p>\n<p><span style=\"color: rgb(0, 0, 0);\">Otro frente de trabajo orientado a lo masivo constituy\u00f3 la campa\u00f1a radial que difundi\u00f3 seis microprogramas radiales con mensajes testimoniales sobre cambio clim\u00e1tico y seguridad alimentaria. Un reporte del impacto da cuenta que los mensajes llegaron a m\u00e1s de 13 000 personas que habitan en los sectores urbanos y rurales de la cuenca, e incluso m\u00e1s all\u00e1 de sus l\u00edmites.<\/span><\/p>\n<p><span style=\"color: rgb(0, 0, 0);\">Por otro lado, 40 Delegados T\u00e9cnicos de los Gobiernos Aut\u00f3nomos Descentralizados, con los que trabaja el proyecto FORECCSA, participaron de un proceso de Formador de Formadores con el objetivo de fortalecer sus conocimientos sobre desarrollo de campa\u00f1as locales de sensibilizaci\u00f3n, a trav\u00e9s de ejercicios pr\u00e1cticos.<\/span><\/p>\n<p><span style=\"color: rgb(0, 0, 0);\">Otro de los componentes desarrollados, como parte de la campa\u00f1a, se encuentra el Sistema de Alerta Clim\u00e1tica de la cuenca del r\u00edo Jubones, mismo que gener\u00f3 un diagn\u00f3stico tem\u00e1tico lo que permiti\u00f3 generar la primera versi\u00f3n del Dise\u00f1o del Sistema que est\u00e1 en proceso de revisi\u00f3n y ajuste.<\/span><\/p>\n<p><span style=\"color: rgb(0, 0, 0);\">En todo este proceso ha existido una vinculaci\u00f3n activa de los GAD, Socio Ejecutor, Equipo de Monitoreo e INAMHI como ente rector del \u00e1rea clim\u00e1tica.<\/span><\/p>\n<p><span style=\"color: rgb(0, 0, 0);\">En la provincia de Pichincha se ha concretado la firma del convenio entre el Gobierno Provincial y el INAMHI para la implementaci\u00f3n conjunta de la propuesta de estaciones meteorol\u00f3gicas en Cayambre y Pedro Moncayo.\/va-ds<\/span><\/p>\n","protected":false},"excerpt":{"rendered":"<p class=\"excerpt\">Por medio de la ejecuci\u00f3n de 37 talleres se logr\u00f3 capacitar a 3 699 personas, de la cuenca del r\u00edo Jubones, sobre Cambio Clim\u00e1tico y Seguridad Alimentaria. En el proceso se desarroll\u00f3 un importante di\u00e1logo de saberes que gener\u00f3 reflexiones locales sobre los efectos adversos del Cambio Clim\u00e1tico en la Seguridad Alimentaria. Una evaluaci\u00f3n del aprendizaje demostr\u00f3 que el 70,5%&hellip; <a href=\"https:\/\/www.ambienteyenergia.gob.ec\/ambiente\/conciencia-y-conocimiento-estrategias-solidas-para-contrarrestar-efectos-del-cambio-climatico\/\">Read more &rarr;<\/a><\/p>\n","protected":false},"author":13,"featured_media":0,"comment_status":"open","ping_status":"open","sticky":false,"template":"","format":"standard","meta":{"footnotes":""},"categories":[16,4],"tags":[133,652,108,53,653,470],"class_list":["post-24087","post","type-post","status-publish","format-standard","hentry","category-comunicamos","category-noticias","tag-cambio-climatico","tag-foreccsa","tag-lorena-tapia","tag-mae","tag-seguridad-alimentaria","tag-talleres-de-sensibilizacion","xfolkentry"],"_links":{"self":[{"href":"https:\/\/www.ambienteyenergia.gob.ec\/ambiente\/wp-json\/wp\/v2\/posts\/24087","targetHints":{"allow":["GET"]}}],"collection":[{"href":"https:\/\/www.ambienteyenergia.gob.ec\/ambiente\/wp-json\/wp\/v2\/posts"}],"about":[{"href":"https:\/\/www.ambienteyenergia.gob.ec\/ambiente\/wp-json\/wp\/v2\/types\/post"}],"author":[{"embeddable":true,"href":"https:\/\/www.ambienteyenergia.gob.ec\/ambiente\/wp-json\/wp\/v2\/users\/13"}],"replies":[{"embeddable":true,"href":"https:\/\/www.ambienteyenergia.gob.ec\/ambiente\/wp-json\/wp\/v2\/comments?post=24087"}],"version-history":[{"count":0,"href":"https:\/\/www.ambienteyenergia.gob.ec\/ambiente\/wp-json\/wp\/v2\/posts\/24087\/revisions"}],"wp:attachment":[{"href":"https:\/\/www.ambienteyenergia.gob.ec\/ambiente\/wp-json\/wp\/v2\/media?parent=24087"}],"wp:term":[{"taxonomy":"category","embeddable":true,"href":"https:\/\/www.ambienteyenergia.gob.ec\/ambiente\/wp-json\/wp\/v2\/categories?post=24087"},{"taxonomy":"post_tag","embeddable":true,"href":"https:\/\/www.ambienteyenergia.gob.ec\/ambiente\/wp-json\/wp\/v2\/tags?post=24087"}],"curies":[{"name":"wp","href":"https:\/\/api.w.org\/{rel}","templated":true}]}}