{"id":24082,"date":"2015-01-22T10:55:47","date_gmt":"2015-01-22T15:55:47","guid":{"rendered":"http:\/\/www.ambiente.gob.ec\/?p=24082"},"modified":"2015-01-22T10:55:47","modified_gmt":"2015-01-22T15:55:47","slug":"ministerio-del-ambiente-dicta-charlas-de-sensibilizacion-ambiental-en-morona-santiago","status":"publish","type":"post","link":"https:\/\/www.ambienteyenergia.gob.ec\/ambiente\/ministerio-del-ambiente-dicta-charlas-de-sensibilizacion-ambiental-en-morona-santiago\/","title":{"rendered":"Ministerio del Ambiente dicta charlas de sensibilizaci\u00f3n ambiental en Morona Santiago"},"content":{"rendered":"<p style=\"text-align: justify;\">La semana pasada del 12 al 16 de enero, el Ministerio del Ambiente del Ecuador (MAE), a trav\u00e9s de la Direcci\u00f3n Provincial Morona Santiago, llev\u00f3 adelante una jornada de charlas de sensibilizaci\u00f3n ambiental en la Reserva Biol\u00f3gica El Quimi, dirigido a j\u00f3venes del colegio de bachillerato Gualaquiza, y a estudiantes de la escuela V\u00edctor Emilio Estrada sobre el manejo de desechos s\u00f3lidos.<\/p>\n<p style=\"text-align: justify;\">Esta Cartera de Estado, siempre comprometida con las comunidades afines a reservas y cuidado del ambiente, realiza actividades con los actores estrat\u00e9gicos, charlas que involucran a todos los sectores especialmente a los estudiantes quienes son los encargados de llevar el debido cuidado de nuestro ambiente.<\/p>\n<p style=\"text-align: justify;\">Una de las actividades principales dentro del plan de manejo de la Reserva Biol\u00f3gica El Quimi, es el establecer espacios de educaci\u00f3n ambiental en coordinaci\u00f3n con la comunidad; as\u00ed la Direcci\u00f3n Provincial del Ambiente Morona Santiago mantiene el contacto constante con todos los sectores estrat\u00e9gicos para el adecuado desarrollo de dichas actividades en la provincia Morona Santiago.<\/p>\n<p style=\"text-align: justify;\">De esta forma el MAE impulsa la participaci\u00f3n ciudadana en los procesos encaminados a la protecci\u00f3n de la naturaleza y al desarrollo sustentable del pa\u00eds.<\/p>\n<p style=\"text-align: justify;\">MH<\/p>\n","protected":false},"excerpt":{"rendered":"<p class=\"excerpt\">La semana pasada del 12 al 16 de enero, el Ministerio del Ambiente del Ecuador (MAE), a trav\u00e9s de la Direcci\u00f3n Provincial Morona Santiago, llev\u00f3 adelante una jornada de charlas de sensibilizaci\u00f3n ambiental en la Reserva Biol\u00f3gica El Quimi, dirigido a j\u00f3venes del colegio de bachillerato Gualaquiza, y a estudiantes de la escuela V\u00edctor Emilio Estrada sobre el manejo de&hellip; <a href=\"https:\/\/www.ambienteyenergia.gob.ec\/ambiente\/ministerio-del-ambiente-dicta-charlas-de-sensibilizacion-ambiental-en-morona-santiago\/\">Read more &rarr;<\/a><\/p>\n","protected":false},"author":13,"featured_media":0,"comment_status":"open","ping_status":"open","sticky":false,"template":"","format":"standard","meta":{"footnotes":""},"categories":[16,4],"tags":[],"class_list":["post-24082","post","type-post","status-publish","format-standard","hentry","category-comunicamos","category-noticias","xfolkentry"],"_links":{"self":[{"href":"https:\/\/www.ambienteyenergia.gob.ec\/ambiente\/wp-json\/wp\/v2\/posts\/24082","targetHints":{"allow":["GET"]}}],"collection":[{"href":"https:\/\/www.ambienteyenergia.gob.ec\/ambiente\/wp-json\/wp\/v2\/posts"}],"about":[{"href":"https:\/\/www.ambienteyenergia.gob.ec\/ambiente\/wp-json\/wp\/v2\/types\/post"}],"author":[{"embeddable":true,"href":"https:\/\/www.ambienteyenergia.gob.ec\/ambiente\/wp-json\/wp\/v2\/users\/13"}],"replies":[{"embeddable":true,"href":"https:\/\/www.ambienteyenergia.gob.ec\/ambiente\/wp-json\/wp\/v2\/comments?post=24082"}],"version-history":[{"count":0,"href":"https:\/\/www.ambienteyenergia.gob.ec\/ambiente\/wp-json\/wp\/v2\/posts\/24082\/revisions"}],"wp:attachment":[{"href":"https:\/\/www.ambienteyenergia.gob.ec\/ambiente\/wp-json\/wp\/v2\/media?parent=24082"}],"wp:term":[{"taxonomy":"category","embeddable":true,"href":"https:\/\/www.ambienteyenergia.gob.ec\/ambiente\/wp-json\/wp\/v2\/categories?post=24082"},{"taxonomy":"post_tag","embeddable":true,"href":"https:\/\/www.ambienteyenergia.gob.ec\/ambiente\/wp-json\/wp\/v2\/tags?post=24082"}],"curies":[{"name":"wp","href":"https:\/\/api.w.org\/{rel}","templated":true}]}}