{"id":24079,"date":"2015-01-19T09:12:24","date_gmt":"2015-01-19T14:12:24","guid":{"rendered":"http:\/\/www.ambiente.gob.ec\/?p=24079"},"modified":"2015-01-22T11:21:43","modified_gmt":"2015-01-22T16:21:43","slug":"mae-conformo-comite-de-gestion-provincial-de-restauracion-forestal-en-esmeraldas","status":"publish","type":"post","link":"https:\/\/www.ambienteyenergia.gob.ec\/ambiente\/mae-conformo-comite-de-gestion-provincial-de-restauracion-forestal-en-esmeraldas\/","title":{"rendered":"MAE conform\u00f3 Comit\u00e9 de Gesti\u00f3n Provincial de Restauraci\u00f3n Forestal  en Esmeraldas"},"content":{"rendered":"<p style=\"text-align: justify;\">El pasado 13 de enero, el Ministerio de Ambiente (MAE) conform\u00f3 el Comit\u00e9 de Gesti\u00f3n Provincial de Restauraci\u00f3n Forestal en Esmeraldas, con el fin de \u00a0apoyar a la gesti\u00f3n del Plan Nacional de Restauraci\u00f3n Forestal (PNRF) en la provincia, especialmente de la gesti\u00f3n a trav\u00e9s de los GADs.<\/p>\n<p style=\"text-align: justify;\">El comit\u00e9 qued\u00f3 conformado por las siguientes entidades: Direcci\u00f3n Provincial del Ambiente de Esmeraldas, Coordinador Zona 1 PNRF Secretario, Prefectura de Esmeraldas y CONAGOPARE Esmeraldas; mismas que deber\u00e1n emitir recomendaciones desde el a\u00f1o 2014 al 2017, puesto que el comit\u00e9 es un ente de apoyo, consulta, coordinaci\u00f3n y asesor\u00eda de esta Cartera de Estado.<\/p>\n<p style=\"text-align: justify;\">Entre las principales funciones y compromisos que maneja el Comit\u00e9 est\u00e1n: el facilitar la identificaci\u00f3n de actores territoriales y aliados para la ejecuci\u00f3n de las distintas iniciativas de restauraci\u00f3n que se den en la provincia. Adem\u00e1s de brindar apoyo y asistencia t\u00e9cnica en la identificaci\u00f3n de \u00e1reas prioritarias para la restauraci\u00f3n.<\/p>\n<p style=\"text-align: justify;\">Por otro lado, el Comit\u00e9 brindar\u00e1 apoyo en los procesos de pre-selecci\u00f3n de proyectos a participar en el PNRF y la elaboraci\u00f3n de propuestas y fichas de restauraci\u00f3n con informaci\u00f3n de relevancia.<\/p>\n<p style=\"text-align: justify;\">El Ministerio del Ambiente como ente rector, coordinador y regulador de la Gesti\u00f3n Ambiental en el Ecuador, trabaja desde sus inicios en Programas y Proyectos que incluyen diversos \u00e1mbitos, entre ellos el Proceso de Restauraci\u00f3n Forestal,\u00a0 por ello fue de relevancia conformar el Comit\u00e9 de Gesti\u00f3n Provincial de Restauraci\u00f3n Forestal en Esmeraldas y as\u00ed, establecer los mecanismos adecuados para el cuidado ambiental en la provincia. SV\/JV<\/p>\n","protected":false},"excerpt":{"rendered":"<p class=\"excerpt\">El pasado 13 de enero, el Ministerio de Ambiente (MAE) conform\u00f3 el Comit\u00e9 de Gesti\u00f3n Provincial de Restauraci\u00f3n Forestal en Esmeraldas, con el fin de \u00a0apoyar a la gesti\u00f3n del Plan Nacional de Restauraci\u00f3n Forestal (PNRF) en la provincia, especialmente de la gesti\u00f3n a trav\u00e9s de los GADs. El comit\u00e9 qued\u00f3 conformado por las siguientes entidades: Direcci\u00f3n Provincial del Ambiente&hellip; <a href=\"https:\/\/www.ambienteyenergia.gob.ec\/ambiente\/mae-conformo-comite-de-gestion-provincial-de-restauracion-forestal-en-esmeraldas\/\">Read more &rarr;<\/a><\/p>\n","protected":false},"author":13,"featured_media":0,"comment_status":"open","ping_status":"open","sticky":false,"template":"","format":"standard","meta":{"footnotes":""},"categories":[16,4],"tags":[],"class_list":["post-24079","post","type-post","status-publish","format-standard","hentry","category-comunicamos","category-noticias","xfolkentry"],"_links":{"self":[{"href":"https:\/\/www.ambienteyenergia.gob.ec\/ambiente\/wp-json\/wp\/v2\/posts\/24079","targetHints":{"allow":["GET"]}}],"collection":[{"href":"https:\/\/www.ambienteyenergia.gob.ec\/ambiente\/wp-json\/wp\/v2\/posts"}],"about":[{"href":"https:\/\/www.ambienteyenergia.gob.ec\/ambiente\/wp-json\/wp\/v2\/types\/post"}],"author":[{"embeddable":true,"href":"https:\/\/www.ambienteyenergia.gob.ec\/ambiente\/wp-json\/wp\/v2\/users\/13"}],"replies":[{"embeddable":true,"href":"https:\/\/www.ambienteyenergia.gob.ec\/ambiente\/wp-json\/wp\/v2\/comments?post=24079"}],"version-history":[{"count":0,"href":"https:\/\/www.ambienteyenergia.gob.ec\/ambiente\/wp-json\/wp\/v2\/posts\/24079\/revisions"}],"wp:attachment":[{"href":"https:\/\/www.ambienteyenergia.gob.ec\/ambiente\/wp-json\/wp\/v2\/media?parent=24079"}],"wp:term":[{"taxonomy":"category","embeddable":true,"href":"https:\/\/www.ambienteyenergia.gob.ec\/ambiente\/wp-json\/wp\/v2\/categories?post=24079"},{"taxonomy":"post_tag","embeddable":true,"href":"https:\/\/www.ambienteyenergia.gob.ec\/ambiente\/wp-json\/wp\/v2\/tags?post=24079"}],"curies":[{"name":"wp","href":"https:\/\/api.w.org\/{rel}","templated":true}]}}