{"id":24074,"date":"2015-01-22T08:32:03","date_gmt":"2015-01-22T13:32:03","guid":{"rendered":"http:\/\/www.ambiente.gob.ec\/?p=24074"},"modified":"2015-01-22T08:33:06","modified_gmt":"2015-01-22T13:33:06","slug":"mae-participa-de-la-ii-reunion-del-grupo-especial-inter-gubernamental-de-composicion-abierta-para-el-acuerdo-internacional-de-bosques-en-nueva-york","status":"publish","type":"post","link":"https:\/\/www.ambienteyenergia.gob.ec\/ambiente\/mae-participa-de-la-ii-reunion-del-grupo-especial-inter-gubernamental-de-composicion-abierta-para-el-acuerdo-internacional-de-bosques-en-nueva-york\/","title":{"rendered":"MAE participa de la II Reuni\u00f3n del Grupo Especial Inter-gubernamental de Composici\u00f3n Abierta para el Acuerdo Internacional de Bosques, en Nueva York"},"content":{"rendered":"<p style=\"text-align: justify;\">El pasado 12 al 16 de enero del 2015, un grupo de expertos integrado por m\u00e1s de 162 representantes designados por los gobiernos de 71 pa\u00edses y organizaciones mundiales, se reunieron para participar en la \u00abII Reuni\u00f3n del Grupo Especial Inter-gubernamental de Composici\u00f3n Abierta para el Acuerdo Internacional de Bosques\u00bb, en el marco del Foro de las Naciones Unidas sobre los Bosques (FNUB); con el objetivo de promover la gesti\u00f3n, conservaci\u00f3n y desarrollo sostenible de todos los tipos de bosques.<\/p>\n<p style=\"text-align: justify;\">Al encuentro que se llev\u00f3 a cabo en la ciudad de Nueva York, acudi\u00f3 una delegaci\u00f3n ecuatoriana liderada por la Dra. Carla C\u00e1rdenas, Subsecretaria de Patrimonio Natural del Ministerio del Ambiente; en su intervenci\u00f3n destac\u00f3 que junto al reconocimiento de derechos a los elementos de la naturaleza y su tutela judicial efectiva, se realiza enormes esfuerzos a trav\u00e9s de una significativa asignaci\u00f3n presupuestaria en la ejecuci\u00f3n de proyectos para la conservaci\u00f3n y el uso sostenible de sus recursos forestales.<\/p>\n<p style=\"text-align: justify;\">En este sentido se mencionaron los estupendos resultados por la ejecuci\u00f3n de su Programa Nacional de Incentivos a la Conservaci\u00f3n y Uso Sostenible del Patrimonio Natural (Socio Bosque), la incorporaci\u00f3n de m\u00e1s de un 1\u2019400.000 hect\u00e1reas bajo par\u00e1metros de conservaci\u00f3n y uso sostenible, la suscripci\u00f3n de m\u00e1s de 2 700 convenios suscritos, lo que ha beneficiado a m\u00e1s de\u00a0\u00a0 160 000 ciudadanos ecuatorianos en el camino hacia el Buen Vivir.<\/p>\n<p style=\"text-align: justify;\">Adem\u00e1s, se abordaron otros temas como:<\/p>\n<p style=\"text-align: justify;\">&#8211; El informe preparado por un equipo de consultores independientes relativo al futuro del Acuerdo Internacional sobre los Bosques (AIB).<\/p>\n<p style=\"text-align: justify;\">&#8211; El informe de la primera reuni\u00f3n del AHEG (Nairobi, Kenia, del 24 al 28 de febrero de 2014).<\/p>\n<p style=\"text-align: justify;\">&#8211; Resultados del taller sobre opciones del AIB respecto a la futura Agenda de las Naciones\u00a0\u00a0\u00a0\u00a0\u00a0\u00a0\u00a0\u00a0\u00a0\u00a0 Unidas para el Desarrollo posterior al a\u00f1o 2015 (Beijing, China, del 29 al 31 de octubre de 2014).<\/p>\n<p style=\"text-align: justify;\">De igual forma, se plate\u00f3 la proyecci\u00f3n para este a\u00f1o en los siguientes temas:<\/p>\n<p style=\"text-align: justify;\">-El Instrumento jur\u00eddicamente no vinculante sobre todos los tipos de bosques.<\/p>\n<p style=\"text-align: justify;\">-Financiamiento y ejecuci\u00f3n de actividades para manejo forestal sustentable.<\/p>\n<p style=\"text-align: justify;\">-La estructura del FNUB y su Secretar\u00eda.<\/p>\n<p style=\"text-align: justify;\">-La Asociaci\u00f3n de Colaboraci\u00f3n en materia de Bosques (CPF, por sus siglas en ingl\u00e9s)<\/p>\n<p style=\"text-align: justify;\">-Participaci\u00f3n de los grupos principales y las instancias regionales.<\/p>\n<p style=\"text-align: justify;\">-Lanzamiento de la plataforma virtual del mecanismo de facilitaci\u00f3n del FNUB<\/p>\n<p style=\"text-align: justify;\">En este marco, Ecuador reiter\u00f3 la importancia asignada al manejo sustentable de su recurso forestal como elemento fundamental para erradicar la pobreza y alcanzar el buen vivir para su poblaci\u00f3n por un Ecuador Verde.<\/p>\n<p style=\"text-align: justify;\"><strong>El Dato<\/strong><\/p>\n<p style=\"text-align: justify;\">Las principales funciones del Foro de las Naciones Unidas sobre los Bosques (FNUB) son: facilitar la aplicaci\u00f3n de los acuerdos relacionados con los bosques y promover un entendimiento com\u00fan sobre la ordenaci\u00f3n forestal sostenible; proveer para el desarrollo de pol\u00edticas y el di\u00e1logo continuo entre los gobiernos, las organizaciones internacionales y los grupos principales , as\u00ed como abordar tem\u00e1ticas forestales y nuevas esferas de inter\u00e9s de una manera hol\u00edstica, integral e integrada; mejorar la cooperaci\u00f3n y coordinaci\u00f3n de pol\u00edticas y programas sobre cuestiones relacionadas con los bosques; propiciar la cooperaci\u00f3n internacional y vigilar, evaluar e informar sobre el progreso y fortalecer el compromiso pol\u00edtico a la gesti\u00f3n de conservaci\u00f3n y desarrollo sostenible de todos los tipos de bosques.<\/p>\n<p style=\"text-align: justify;\">MH \/ MH<\/p>\n","protected":false},"excerpt":{"rendered":"<p class=\"excerpt\">El pasado 12 al 16 de enero del 2015, un grupo de expertos integrado por m\u00e1s de 162 representantes designados por los gobiernos de 71 pa\u00edses y organizaciones mundiales, se reunieron para participar en la \u00abII Reuni\u00f3n del Grupo Especial Inter-gubernamental de Composici\u00f3n Abierta para el Acuerdo Internacional de Bosques\u00bb, en el marco del Foro de las Naciones Unidas sobre&hellip; <a href=\"https:\/\/www.ambienteyenergia.gob.ec\/ambiente\/mae-participa-de-la-ii-reunion-del-grupo-especial-inter-gubernamental-de-composicion-abierta-para-el-acuerdo-internacional-de-bosques-en-nueva-york\/\">Read more &rarr;<\/a><\/p>\n","protected":false},"author":13,"featured_media":0,"comment_status":"open","ping_status":"open","sticky":false,"template":"","format":"standard","meta":{"footnotes":""},"categories":[16,4],"tags":[],"class_list":["post-24074","post","type-post","status-publish","format-standard","hentry","category-comunicamos","category-noticias","xfolkentry"],"_links":{"self":[{"href":"https:\/\/www.ambienteyenergia.gob.ec\/ambiente\/wp-json\/wp\/v2\/posts\/24074","targetHints":{"allow":["GET"]}}],"collection":[{"href":"https:\/\/www.ambienteyenergia.gob.ec\/ambiente\/wp-json\/wp\/v2\/posts"}],"about":[{"href":"https:\/\/www.ambienteyenergia.gob.ec\/ambiente\/wp-json\/wp\/v2\/types\/post"}],"author":[{"embeddable":true,"href":"https:\/\/www.ambienteyenergia.gob.ec\/ambiente\/wp-json\/wp\/v2\/users\/13"}],"replies":[{"embeddable":true,"href":"https:\/\/www.ambienteyenergia.gob.ec\/ambiente\/wp-json\/wp\/v2\/comments?post=24074"}],"version-history":[{"count":0,"href":"https:\/\/www.ambienteyenergia.gob.ec\/ambiente\/wp-json\/wp\/v2\/posts\/24074\/revisions"}],"wp:attachment":[{"href":"https:\/\/www.ambienteyenergia.gob.ec\/ambiente\/wp-json\/wp\/v2\/media?parent=24074"}],"wp:term":[{"taxonomy":"category","embeddable":true,"href":"https:\/\/www.ambienteyenergia.gob.ec\/ambiente\/wp-json\/wp\/v2\/categories?post=24074"},{"taxonomy":"post_tag","embeddable":true,"href":"https:\/\/www.ambienteyenergia.gob.ec\/ambiente\/wp-json\/wp\/v2\/tags?post=24074"}],"curies":[{"name":"wp","href":"https:\/\/api.w.org\/{rel}","templated":true}]}}