{"id":24065,"date":"2015-01-21T14:14:22","date_gmt":"2015-01-21T19:14:22","guid":{"rendered":"http:\/\/www.ambiente.gob.ec\/?p=24065"},"modified":"2015-01-22T08:11:31","modified_gmt":"2015-01-22T13:11:31","slug":"ecuador-tiene-una-nueva-reserva-de-biosfera-reconocida-por-unesco","status":"publish","type":"post","link":"https:\/\/www.ambienteyenergia.gob.ec\/ambiente\/ecuador-tiene-una-nueva-reserva-de-biosfera-reconocida-por-unesco\/","title":{"rendered":"Ecuador tiene una nueva Reserva de Bi\u00f3sfera, reconocida por UNESCO"},"content":{"rendered":"<h5 style=\"text-align: justify;\">Hoy, la Directora de la UNESCO en Quito, Saadia\u00a0S\u00e1nchez Vegas y el Vicecanciller ecuatoriano, Leonardo Ar\u00edzaga; hicieron la entrega oficial a la Ministra del Ambiente, Lorena Tapia, \u00a0de la declaratoria de la Reserva de Bi\u00f3sfera \u00abBosque Seco\u00bb como parte de la Red Mundial de Reservas de Bi\u00f3sfera de la UNESCO.<\/h5>\n<h5 style=\"text-align: justify;\"><\/h5>\n<h5 style=\"text-align: justify;\">La Ministra Lorena Tapia aseguro que, \u201cEs un nuevo reto mantener esta zona para seguir siendo ejemplo a nivel nacional e internacional porque la autoridad ambiental no solo planifica sino tambi\u00e9n act\u00faa junto a la comunidad. Este es un logro en conjunto\u201d.<\/h5>\n<h5 style=\"text-align: justify;\"><\/h5>\n<h5 style=\"text-align: justify;\">Uno de los puntos que fue tomado en cuenta para obtener dicho reconocimiento, es uno de los acontecimientos naturales m\u00e1s asombrosos del mundo, el Florecimiento de los Guayacanes, donde el bosque cobra un intenso color amarillo a principios de cada a\u00f1o.<\/h5>\n<h5 style=\"text-align: justify;\"><\/h5>\n<h5 style=\"text-align: justify;\">Con esta Declaratoria, en el Ecuador son seis las Reservas de Bi\u00f3sfera que forman parte de la Red Mundial de Reservas de Bi\u00f3sfera. Las otras cinco que tenemos en nuestro territorio son: Gal\u00e1pagos, Yasun\u00ed, Podocarpus, Sumaco Napo Galeras y Cajas.<\/h5>\n<p>El pasado\u00a012 de junio\u00a0de 2014, la Organizaci\u00f3n de las Naciones Unidas para la Educaci\u00f3n, la Ciencia y la Cultura (UNESCO) declar\u00f3 como Reserva de Bi\u00f3sfera a los bosques secos lojano y orense conformada por los cantones lojanos Zapotillo, Macar\u00e1, Puyango, Pindal y Celica; quienes se agruparon en la Mancomunidad Bosque Seco y coordinaron todos los esfuerzos interinstitucionales para alcanzar este reconocimiento; y adem\u00e1s de Paltas y Sozoranga, a los que se suma el cant\u00f3n Las Lajas, de la provincia de El Oro.<\/p>\n<h5 style=\"text-align: justify;\">\u201cEste es un d\u00eda hist\u00f3rico, porque este reconocimiento es una muestra del Buen Vivir. Es necesario resaltar que Ecuador es el \u00fanico pa\u00eds que ha dado derechos a la naturaleza y el resultado de esto es que \u00e9ste es el segundo a\u00f1o consecutivo que Ecuador recibe un certificado de Reserva de Biosfera, un hito para Am\u00e9rica Latina\u201d, recalc\u00f3 Saadia\u00a0S\u00e1nchez Vegas, de la UNESCO, al tiempo que felicit\u00f3 a la Mancomunidad Bosque Seco por promover desde hace m\u00e1s de un a\u00f1o este reconocimiento con el apoyo del Ministerio del Ambiente.<\/h5>\n<h5 style=\"text-align: justify;\"><\/h5>\n<h5 style=\"text-align: justify;\">El Bosque Seco cuenta con aproximadamente 500 000 hect\u00e1reas y alberga a la poblaci\u00f3n de aves end\u00e9micas m\u00e1s grandes de Sudam\u00e9rica; en total se han registrado a 51 especies de aves 15 tipos de \u00e1rboles y arbustos, y tres de mam\u00edferos, adem\u00e1s de otras especies emblem\u00e1ticas como el cocodrilo de tumbes , y\u00a0 el\u00a0 mono aullador de la costa.<\/h5>\n<p>\u201cHemos dado un paso muy importante al declarar reserva de bi\u00f3sfera gracias a la ayuda de las autoridades con el apoyo de Ministra y Gobierno Nacional. Ahora viene el reto grande que es mantener este espacio. Este ha sido resultado de un trabajo en conjunto, tenemos una gran responsabilidad\u201d, recalc\u00f3 Manuel Orbe, presidente de la Mancomunidad Bosque Seco.<\/p>\n<p>Mira las im\u00e1genes del evento <a href=\"https:\/\/www.flickr.com\/photos\/ministerioambienteecuador\/sets\/72157650000622310\/\">aqu\u00ed<\/a>.<\/p>\n","protected":false},"excerpt":{"rendered":"<p class=\"excerpt\">Hoy, la Directora de la UNESCO en Quito, Saadia\u00a0S\u00e1nchez Vegas y el Vicecanciller ecuatoriano, Leonardo Ar\u00edzaga; hicieron la entrega oficial a la Ministra del Ambiente, Lorena Tapia, \u00a0de la declaratoria de la Reserva de Bi\u00f3sfera \u00abBosque Seco\u00bb como parte de la Red Mundial de Reservas de Bi\u00f3sfera de la UNESCO. La Ministra Lorena Tapia aseguro que, \u201cEs un nuevo reto&hellip; <a href=\"https:\/\/www.ambienteyenergia.gob.ec\/ambiente\/ecuador-tiene-una-nueva-reserva-de-biosfera-reconocida-por-unesco\/\">Read more &rarr;<\/a><\/p>\n","protected":false},"author":13,"featured_media":0,"comment_status":"open","ping_status":"open","sticky":false,"template":"","format":"standard","meta":{"footnotes":""},"categories":[16,4],"tags":[649,650,221,387],"class_list":["post-24065","post","type-post","status-publish","format-standard","hentry","category-comunicamos","category-noticias","tag-bosque-seco","tag-guayacanes","tag-loja","tag-mae-lorena-tapia","xfolkentry"],"_links":{"self":[{"href":"https:\/\/www.ambienteyenergia.gob.ec\/ambiente\/wp-json\/wp\/v2\/posts\/24065","targetHints":{"allow":["GET"]}}],"collection":[{"href":"https:\/\/www.ambienteyenergia.gob.ec\/ambiente\/wp-json\/wp\/v2\/posts"}],"about":[{"href":"https:\/\/www.ambienteyenergia.gob.ec\/ambiente\/wp-json\/wp\/v2\/types\/post"}],"author":[{"embeddable":true,"href":"https:\/\/www.ambienteyenergia.gob.ec\/ambiente\/wp-json\/wp\/v2\/users\/13"}],"replies":[{"embeddable":true,"href":"https:\/\/www.ambienteyenergia.gob.ec\/ambiente\/wp-json\/wp\/v2\/comments?post=24065"}],"version-history":[{"count":0,"href":"https:\/\/www.ambienteyenergia.gob.ec\/ambiente\/wp-json\/wp\/v2\/posts\/24065\/revisions"}],"wp:attachment":[{"href":"https:\/\/www.ambienteyenergia.gob.ec\/ambiente\/wp-json\/wp\/v2\/media?parent=24065"}],"wp:term":[{"taxonomy":"category","embeddable":true,"href":"https:\/\/www.ambienteyenergia.gob.ec\/ambiente\/wp-json\/wp\/v2\/categories?post=24065"},{"taxonomy":"post_tag","embeddable":true,"href":"https:\/\/www.ambienteyenergia.gob.ec\/ambiente\/wp-json\/wp\/v2\/tags?post=24065"}],"curies":[{"name":"wp","href":"https:\/\/api.w.org\/{rel}","templated":true}]}}