{"id":24061,"date":"2015-01-21T10:32:56","date_gmt":"2015-01-21T15:32:56","guid":{"rendered":"http:\/\/www.ambiente.gob.ec\/?p=24061"},"modified":"2015-01-21T10:32:56","modified_gmt":"2015-01-21T15:32:56","slug":"mae-capacita-a-representantes-de-la-prefectura-de-imbabura","status":"publish","type":"post","link":"https:\/\/www.ambienteyenergia.gob.ec\/ambiente\/mae-capacita-a-representantes-de-la-prefectura-de-imbabura\/","title":{"rendered":"MAE capacita a representantes de la prefectura de Imbabura"},"content":{"rendered":"<p align=\"JUSTIFY\"><span style=\"font-family: Arial, sans-serif;\">Como parte de las actividades programas para este 2015, la Direcci\u00f3n Provincial del Ambiente de Imbabura realiz\u00f3 un taller sobre Regulaci\u00f3n, Legislaci\u00f3n Ambiental y Sistema \u00danico de Informaci\u00f3n Ambiental, con el fin de contribuir al mejoramiento de capacidades del Gobierno Aut\u00f3nomo Provincial de la ciudad blanca.<\/p>\n<p>La capacitaci\u00f3n se desarroll\u00f3 en las Instalaciones del Gobierno Provincial de Imbabura y cont\u00f3 con la presencia de representantes de las distintas direcciones de planificaci\u00f3n, infraestructura, gesti\u00f3n ambiental, financiero, entre otros.<\/p>\n<p>En el acto Oscar Mej\u00eda, Responsable de la Unidad de Calidad Ambiental, dio a conocer los diferentes par\u00e1metros de regulaci\u00f3n ambiental y categorizaci\u00f3n que se debe tomar en cuenta para sacar un permiso. Adem\u00e1s se solventaron dudas en relaci\u00f3n al proceso de Regularizaci\u00f3n y Legislaci\u00f3n Ambiental.<\/p>\n<p>De igual forma se mantuvo una reuni\u00f3n con algunos representantes de Ambiente e Infraestructura del GAD para definir las categor\u00edas para proyectos viales e infraestructura que se ejecutaran en la provincia durante este a\u00f1o.\/li-ds<\/span><\/p>\n","protected":false},"excerpt":{"rendered":"<p class=\"excerpt\">Como parte de las actividades programas para este 2015, la Direcci\u00f3n Provincial del Ambiente de Imbabura realiz\u00f3 un taller sobre Regulaci\u00f3n, Legislaci\u00f3n Ambiental y Sistema \u00danico de Informaci\u00f3n Ambiental, con el fin de contribuir al mejoramiento de capacidades del Gobierno Aut\u00f3nomo Provincial de la ciudad blanca. La capacitaci\u00f3n se desarroll\u00f3 en las Instalaciones del Gobierno Provincial de Imbabura y cont\u00f3&hellip; <a href=\"https:\/\/www.ambienteyenergia.gob.ec\/ambiente\/mae-capacita-a-representantes-de-la-prefectura-de-imbabura\/\">Read more &rarr;<\/a><\/p>\n","protected":false},"author":13,"featured_media":0,"comment_status":"open","ping_status":"open","sticky":false,"template":"","format":"standard","meta":{"footnotes":""},"categories":[16,4],"tags":[648,453,581,162,238,108,53],"class_list":["post-24061","post","type-post","status-publish","format-standard","hentry","category-comunicamos","category-noticias","tag-calidad-ambiental","tag-capacitacion","tag-gad","tag-imbabura","tag-licencias-ambientales","tag-lorena-tapia","tag-mae","xfolkentry"],"_links":{"self":[{"href":"https:\/\/www.ambienteyenergia.gob.ec\/ambiente\/wp-json\/wp\/v2\/posts\/24061","targetHints":{"allow":["GET"]}}],"collection":[{"href":"https:\/\/www.ambienteyenergia.gob.ec\/ambiente\/wp-json\/wp\/v2\/posts"}],"about":[{"href":"https:\/\/www.ambienteyenergia.gob.ec\/ambiente\/wp-json\/wp\/v2\/types\/post"}],"author":[{"embeddable":true,"href":"https:\/\/www.ambienteyenergia.gob.ec\/ambiente\/wp-json\/wp\/v2\/users\/13"}],"replies":[{"embeddable":true,"href":"https:\/\/www.ambienteyenergia.gob.ec\/ambiente\/wp-json\/wp\/v2\/comments?post=24061"}],"version-history":[{"count":0,"href":"https:\/\/www.ambienteyenergia.gob.ec\/ambiente\/wp-json\/wp\/v2\/posts\/24061\/revisions"}],"wp:attachment":[{"href":"https:\/\/www.ambienteyenergia.gob.ec\/ambiente\/wp-json\/wp\/v2\/media?parent=24061"}],"wp:term":[{"taxonomy":"category","embeddable":true,"href":"https:\/\/www.ambienteyenergia.gob.ec\/ambiente\/wp-json\/wp\/v2\/categories?post=24061"},{"taxonomy":"post_tag","embeddable":true,"href":"https:\/\/www.ambienteyenergia.gob.ec\/ambiente\/wp-json\/wp\/v2\/tags?post=24061"}],"curies":[{"name":"wp","href":"https:\/\/api.w.org\/{rel}","templated":true}]}}