{"id":24059,"date":"2015-01-20T16:46:39","date_gmt":"2015-01-20T21:46:39","guid":{"rendered":"http:\/\/www.ambiente.gob.ec\/?p=24059"},"modified":"2015-01-20T16:46:39","modified_gmt":"2015-01-20T21:46:39","slug":"mae-ejecuta-acciones-para-disminuir-los-efectos-del-cambio-climatico-en-el-pais","status":"publish","type":"post","link":"https:\/\/www.ambienteyenergia.gob.ec\/ambiente\/mae-ejecuta-acciones-para-disminuir-los-efectos-del-cambio-climatico-en-el-pais\/","title":{"rendered":"MAE ejecuta acciones para disminuir los efectos del Cambio Clim\u00e1tico en el pa\u00eds"},"content":{"rendered":"<p><span style=\"font-family: Arial, sans-serif; color: rgb(0, 0, 0);\">De acuerdo a la Organizaci\u00f3n Internacional para las Migraciones (OIM), Am\u00e9rica del Sur tiene aproximadamente 386 millones de habitantes, de los cuales un 30% vive en zonas \u00e1ridas. Las m\u00e1s extensas se encuentran en Brasil (1.400.000 km2) y en Argentina (1.200.000 km2) y aproximadamente un 45% de las tierras cultivadas de Am\u00e9rica del Sur est\u00e1n degradadas. <\/span><\/p>\n<p><span style=\"color: rgb(0, 0, 0);\">Con el calentamiento global, se evidencian con mayor fuerza en nuestro pa\u00eds y en algunos de la regi\u00f3n los impactos del cambio clim\u00e1tico, sobre todo en \u00a0las zonas \u00e1ridas afectadas por la desertificaci\u00f3n y sequ\u00eda, y en las zonas costeras en las que la subida del nivel del mar obligar\u00eda a las poblaciones que viven en ellas a abandonar sus tierras para mejorar sus condiciones de vida y sustento.<\/span><\/p>\n<p><span style=\"color: rgb(0, 0, 0);\">Estos impactos est\u00e1n relacionados principalmente con los medios de sustento,\u00a0 la salud p\u00fablica, la seguridad alimentaria y la disponibilidad de agua. La sequ\u00eda y la desertificaci\u00f3n representan problemas importantes en esta regi\u00f3n y la variabilidad del clima podr\u00eda exacerbarlos. La relaci\u00f3n entre desertificaci\u00f3n,\u00a0 degradaci\u00f3n de tierras y\u00a0 sequ\u00eda, y la migraci\u00f3n ampliamente reconocida como un importante factor que contribuye a la migraci\u00f3n rural-urbana.\u00a0 La competencia por recursos naturales que escasean podr\u00eda dar lugar a tensiones y a conflictos, que a su vez podr\u00edan propiciar una migraci\u00f3n forzosa.<\/span><\/p>\n<p align=\"JUSTIFY\"><span style=\"color: rgb(0, 0, 0);\"><strong>Acciones del Ministerio del Ambiente<\/strong><\/span><\/p>\n<p align=\"JUSTIFY\"><span style=\"font-family: Arial, sans-serif; color: rgb(0, 0, 0);\">En este sentido, el Ministerio del Ambiente, a trav\u00e9s de la Subsecretar\u00eda de Cambio Clim\u00e1tico y sus proyectos, adopta pol\u00edticas que promueven la implementaci\u00f3n de medidas de adaptaci\u00f3n al cambio clim\u00e1tico.<\/span><\/p>\n<p align=\"JUSTIFY\"><span style=\"color: rgb(0, 0, 0);\"><strong>Proyecto de Inversi\u00f3n P\u00fablica Gesti\u00f3n Integrada para la Lucha contra la Desertificaci\u00f3n, Degradaci\u00f3n de la Tierra y Adaptaci\u00f3n al Cambio Clim\u00e1tico (GIDDACC)<\/strong><\/span><\/p>\n<p align=\"JUSTIFY\"><span style=\"font-family: Arial, sans-serif; color: rgb(0, 0, 0);\">Busca contribuir a la lucha contra la desertificaci\u00f3n, los procesos de degradaci\u00f3n de tierra y el fen\u00f3meno de la sequ\u00eda con un enfoque de adaptaci\u00f3n al cambio clim\u00e1tico en las provincias consideradas prioritarias (Pichincha, Cotopaxi, Tungurahua, Chimborazo, Azuay, Loja, El Oro y Manab\u00ed), por presentar altas tasas de degradaci\u00f3n de tierra, principalmente en zonas secas y fr\u00e1giles, tales como el ecosistema bosque seco y\/o regi\u00f3n tumbesina, valles interandinos y zonas secas de altura.<\/span><\/p>\n<p align=\"JUSTIFY\"><span style=\"color: rgb(0, 0, 0);\"><strong>Proyecto de Adaptaci\u00f3n al Cambio Clim\u00e1tico a trav\u00e9s de una Efectiva Gobernabilidad del Agua (PACC)<\/strong><\/span><\/p>\n<p align=\"JUSTIFY\"><span style=\"font-family: Arial, sans-serif; color: rgb(0, 0, 0);\">Implementa sistemas de almacenamiento de agua (albarradas, reservorios) para disminuir el riesgo de las comunidades frente a eventos de sequ\u00eda o escasez de agua. Adem\u00e1s ejecuta actividades de reforestaci\u00f3n para proteger las fuentes h\u00eddricas o microcuencas.<\/span><\/p>\n<p align=\"JUSTIFY\"><span style=\"font-family: Arial, sans-serif; color: rgb(0, 0, 0);\">Ha logrado implementar mecanismos de siembra de plantas nativas bajo la modalidad de sistemas agrosilvopastoriles. Tambi\u00e9n ha implementado sistemas de producci\u00f3n agroecol\u00f3gicos para mejorar la seguridad alimentaria de las comunidades frente al riesgo del cambio clim\u00e1tico.<\/span><\/p>\n<p align=\"JUSTIFY\"><span style=\"color: rgb(0, 0, 0);\"><strong><span style=\"font-family: Arial, sans-serif;\">Proyecto de Adaptaci\u00f3n al Impacto del Retroceso Acelerado de los Glaciares en los Andes Tropicales (PRAA)<\/span><\/strong><\/span><\/p>\n<p align=\"JUSTIFY\"><span style=\"font-family: Arial, sans-serif; color: rgb(0, 0, 0);\">Se enfoca en el monitoreo de ecosistemas de altura (p\u00e1ramos y glaciares) mediante red de estaciones hidro-metereol\u00f3gicas para la generaci\u00f3n de informaci\u00f3n de clima y monitoreo de la din\u00e1mica del cambio clim\u00e1tico sobre glaciares y ecosistema p\u00e1ramo. \u00c9sto se lo ha realizado con los Gobiernos Aut\u00f3nomos Descentralizados (GAD) para la integraci\u00f3n de la variable de adaptaci\u00f3n al cambio clim\u00e1tico en su Plan de Desarrollo y Ordenamiento Territorial (PDOT). <\/span><\/p>\n<p align=\"JUSTIFY\"><span style=\"font-family: Arial, sans-serif; color: rgb(0, 0, 0);\">Por otro lado se efectuaron talleres de capacitaci\u00f3n a comunidades en procesos de adaptaci\u00f3n ante amenazas del clima y en pr\u00e1cticas adaptativas para medios de vida resilientes.<\/span><\/p>\n<p><span style=\"color: rgb(0, 0, 0);\"><strong><span style=\"font-family: Arial, sans-serif;\">Proyecto Fortalecimiento de la resiliencia de las comunidades frente a los efectos adversos del cambio clim\u00e1tico en la Provincia de Pichincha y la Cuenca del R\u00edo Jubones (FORECCSA)<\/span><\/strong><\/span><\/p>\n<p><span style=\"color: rgb(0, 0, 0);\">Este proyecto tiene como objetivo fortalecer las capacidades adaptativas de las poblaciones para que tengan acceso a una variedad de productos agr\u00edcolas, mismos que deben ser nutritivos y aut\u00f3ctonos de nuestro pa\u00eds. Con estas medidas se garantizar\u00e1 la seguridad y soberan\u00eda alimentaria de nuestras comunidades.<\/span><\/p>\n<p><span style=\"color: rgb(0, 0, 0);\">Es por tal motivo que se logr\u00f3 aumentar las capacidades de las comunidades para manejar los riesgos del cambio clim\u00e1tico que afectan la seguridad alimentaria en los cantones priorizados de la Provincia de Pichincha y la cuenca del r\u00edo Jubones.\/ss-ds<\/span><\/p>\n<p align=\"JUSTIFY\"><span style=\"color: rgb(0, 0, 0);\"><strong>Enlaces de inter\u00e9s:<\/strong><\/span><\/p>\n<ul>\n<li><span style=\"color: rgb(0, 0, 0);\"><i style=\"color: rgb(0, 0, 0);\"><a href=\"http:\/\/publications.iom.int\/bookstore\/free\/State_Environmental_Migration_2014.pdf\" target=\"_blank\"><span style=\"color: rgb(0, 0, 0);\">http:\/\/publications.iom.int\/bookstore\/free\/State_Environmental_Migration_2014.pdf<\/span><\/a><\/i><\/span><\/li>\n<li><span style=\"color: rgb(0, 0, 0);\"><i style=\"color: rgb(0, 0, 0);\"><a style=\"font-style: normal;\" href=\"http:\/\/publications.iom.int\/bookstore\/free\/MRS51_20Dec2014.pdf\"><span style=\"color: rgb(0, 0, 0);\">http:\/\/publications.iom.int\/bookstore\/free\/MRS51_20Dec2014.pdf<\/span><\/a><\/i><\/span><\/li>\n<li><span style=\"color: rgb(0, 0, 0);\"><i style=\"color: rgb(0, 0, 0);\"><a href=\"http:\/\/www.globalmigrationgroup.org\/migrationandyouth\"><span style=\"color: rgb(0, 0, 0);\">http:\/\/www.globalmigrationgroup.org\/migrationandyouth<\/span><\/a><\/i><\/span><\/li>\n<li><span style=\"color: rgb(0, 0, 0);\"><i style=\"color: rgb(0, 0, 0);\"><a href=\"http:\/\/www.globalmigrationgroup.org\/sites\/default\/files\/20._Chapter_16.pdf\"><span style=\"color: rgb(0, 0, 0);\">www.globalmigrationgroup.org\/sites\/default\/files\/20._Chapter_16.pdf<\/span><\/a><\/i><\/span><\/li>\n<li><span style=\"color: rgb(0, 0, 0);\"><i style=\"color: rgb(0, 0, 0);\"><a href=\"http:\/\/publications.iom.int\/bookstore\/free\/Migration_Initiatives2015.pdf\" target=\"_blank\"><span style=\"color: rgb(0, 0, 0);\">http:\/\/publications.iom.int\/bookstore\/free\/Migration_Initiatives2015.pdf<\/span><\/a><\/i><\/span><\/li>\n<\/ul>\n<p>&nbsp;<\/p>\n","protected":false},"excerpt":{"rendered":"<p class=\"excerpt\">De acuerdo a la Organizaci\u00f3n Internacional para las Migraciones (OIM), Am\u00e9rica del Sur tiene aproximadamente 386 millones de habitantes, de los cuales un 30% vive en zonas \u00e1ridas. Las m\u00e1s extensas se encuentran en Brasil (1.400.000 km2) y en Argentina (1.200.000 km2) y aproximadamente un 45% de las tierras cultivadas de Am\u00e9rica del Sur est\u00e1n degradadas. Con el calentamiento global,&hellip; <a href=\"https:\/\/www.ambienteyenergia.gob.ec\/ambiente\/mae-ejecuta-acciones-para-disminuir-los-efectos-del-cambio-climatico-en-el-pais\/\">Read more &rarr;<\/a><\/p>\n","protected":false},"author":13,"featured_media":0,"comment_status":"open","ping_status":"open","sticky":false,"template":"","format":"standard","meta":{"footnotes":""},"categories":[16,4],"tags":[630,133,108,53,647],"class_list":["post-24059","post","type-post","status-publish","format-standard","hentry","category-comunicamos","category-noticias","tag-adaptabilidad","tag-cambio-climatico","tag-lorena-tapia","tag-mae","tag-proyectos","xfolkentry"],"_links":{"self":[{"href":"https:\/\/www.ambienteyenergia.gob.ec\/ambiente\/wp-json\/wp\/v2\/posts\/24059","targetHints":{"allow":["GET"]}}],"collection":[{"href":"https:\/\/www.ambienteyenergia.gob.ec\/ambiente\/wp-json\/wp\/v2\/posts"}],"about":[{"href":"https:\/\/www.ambienteyenergia.gob.ec\/ambiente\/wp-json\/wp\/v2\/types\/post"}],"author":[{"embeddable":true,"href":"https:\/\/www.ambienteyenergia.gob.ec\/ambiente\/wp-json\/wp\/v2\/users\/13"}],"replies":[{"embeddable":true,"href":"https:\/\/www.ambienteyenergia.gob.ec\/ambiente\/wp-json\/wp\/v2\/comments?post=24059"}],"version-history":[{"count":0,"href":"https:\/\/www.ambienteyenergia.gob.ec\/ambiente\/wp-json\/wp\/v2\/posts\/24059\/revisions"}],"wp:attachment":[{"href":"https:\/\/www.ambienteyenergia.gob.ec\/ambiente\/wp-json\/wp\/v2\/media?parent=24059"}],"wp:term":[{"taxonomy":"category","embeddable":true,"href":"https:\/\/www.ambienteyenergia.gob.ec\/ambiente\/wp-json\/wp\/v2\/categories?post=24059"},{"taxonomy":"post_tag","embeddable":true,"href":"https:\/\/www.ambienteyenergia.gob.ec\/ambiente\/wp-json\/wp\/v2\/tags?post=24059"}],"curies":[{"name":"wp","href":"https:\/\/api.w.org\/{rel}","templated":true}]}}