{"id":24055,"date":"2015-01-20T16:13:08","date_gmt":"2015-01-20T21:13:08","guid":{"rendered":"http:\/\/www.ambiente.gob.ec\/?p=24055"},"modified":"2015-01-20T16:15:25","modified_gmt":"2015-01-20T21:15:25","slug":"mae-participara-en-la-carrera-10k-el-recreo-scouts","status":"publish","type":"post","link":"https:\/\/www.ambienteyenergia.gob.ec\/ambiente\/mae-participara-en-la-carrera-10k-el-recreo-scouts\/","title":{"rendered":"MAE participar\u00e1 en la carrera 10K El Recreo &#8211; Scouts"},"content":{"rendered":"<p align=\"JUSTIFY\"><span style=\"font-family: Calibri, sans-serif;\">En Rueda de Prensa, el Ministerio del Ambiente de Ecuador (MAE), junto con representantes del Centro Comercial el Recreo, Grupo Scouts Ecuador y varias empresas privadas realizaron la presentaci\u00f3n oficial de la VI edici\u00f3n de la carrera 10k El Recreo \u2013 Scouts, que este a\u00f1o tiene como meta contribuir a la reducci\u00f3n de la Huella de Carbono y fomentar, de manera efectiva, la protecci\u00f3n del ambiente.<\/span><\/p>\n<p>Este evento tendr\u00e1 dos rutas diferentes: una carrera 10k que partir\u00e1 desde Fundeporte y una caminata de 4k que desde el Parque Lineal que terminar\u00e1n en el Centro Comercial El Recreo, al sur de la capital.<\/p>\n<p>\u201cDurante el recorrido se busca reducir la utilizaci\u00f3n de vasos pl\u00e1sticos y poliestireno, motivo por el cual se entregar\u00e1 a todos los participantes un tomatodo de mano para la hidrataci\u00f3n de los corredores. De esta manera se busca evitar la excesiva generaci\u00f3n de residuos durante la carrera\u201d, coment\u00f3 Paula Guerra, Gerente de Programa Nacional de Gesti\u00f3n de Desechos S\u00f3lidos (PNGIDS), en representaci\u00f3n de la Ministra de Ambiente, Lorena Tapia.<\/p>\n<p>Adem\u00e1s se colocar\u00e1n contenedores en varios puntos de hidrataci\u00f3n y contenedores de basura para que los vasos puedan ser depositados para su posterior reciclaje.<\/p>\n<p>Por su parte Ivan Proa\u00f1o, representante de la Fundaci\u00f3n Scouts Ecuador record\u00f3 que esta iniciativa interinstitucional posee el Reconocimiento Ecuatoriano Ambiental Carbono Neutro, pues se prev\u00e9 plantar cinco \u00e1rboles por cada participante inscrito, con el objetivo de contribuir a la reducci\u00f3n de la Huella Ecol\u00f3gica que pueda generar esta competencia.<\/p>\n<p>Esta actividad se la realiza con el objetivo de incentivar a toda la comunidad a llevar una vida saludable mediante el deporte, promoviendo valores, uni\u00f3n familiar y responsabilidad ambiental.\/ds<\/p>\n","protected":false},"excerpt":{"rendered":"<p class=\"excerpt\">En Rueda de Prensa, el Ministerio del Ambiente de Ecuador (MAE), junto con representantes del Centro Comercial el Recreo, Grupo Scouts Ecuador y varias empresas privadas realizaron la presentaci\u00f3n oficial de la VI edici\u00f3n de la carrera 10k El Recreo \u2013 Scouts, que este a\u00f1o tiene como meta contribuir a la reducci\u00f3n de la Huella de Carbono y fomentar, de&hellip; <a href=\"https:\/\/www.ambienteyenergia.gob.ec\/ambiente\/mae-participara-en-la-carrera-10k-el-recreo-scouts\/\">Read more &rarr;<\/a><\/p>\n","protected":false},"author":13,"featured_media":0,"comment_status":"open","ping_status":"open","sticky":false,"template":"","format":"standard","meta":{"footnotes":""},"categories":[16,4],"tags":[645,596,646,108,53,594],"class_list":["post-24055","post","type-post","status-publish","format-standard","hentry","category-comunicamos","category-noticias","tag-10k","tag-carbono-neutro","tag-iniciativa-ambiental","tag-lorena-tapia","tag-mae","tag-scouts-ecuador","xfolkentry"],"_links":{"self":[{"href":"https:\/\/www.ambienteyenergia.gob.ec\/ambiente\/wp-json\/wp\/v2\/posts\/24055","targetHints":{"allow":["GET"]}}],"collection":[{"href":"https:\/\/www.ambienteyenergia.gob.ec\/ambiente\/wp-json\/wp\/v2\/posts"}],"about":[{"href":"https:\/\/www.ambienteyenergia.gob.ec\/ambiente\/wp-json\/wp\/v2\/types\/post"}],"author":[{"embeddable":true,"href":"https:\/\/www.ambienteyenergia.gob.ec\/ambiente\/wp-json\/wp\/v2\/users\/13"}],"replies":[{"embeddable":true,"href":"https:\/\/www.ambienteyenergia.gob.ec\/ambiente\/wp-json\/wp\/v2\/comments?post=24055"}],"version-history":[{"count":0,"href":"https:\/\/www.ambienteyenergia.gob.ec\/ambiente\/wp-json\/wp\/v2\/posts\/24055\/revisions"}],"wp:attachment":[{"href":"https:\/\/www.ambienteyenergia.gob.ec\/ambiente\/wp-json\/wp\/v2\/media?parent=24055"}],"wp:term":[{"taxonomy":"category","embeddable":true,"href":"https:\/\/www.ambienteyenergia.gob.ec\/ambiente\/wp-json\/wp\/v2\/categories?post=24055"},{"taxonomy":"post_tag","embeddable":true,"href":"https:\/\/www.ambienteyenergia.gob.ec\/ambiente\/wp-json\/wp\/v2\/tags?post=24055"}],"curies":[{"name":"wp","href":"https:\/\/api.w.org\/{rel}","templated":true}]}}