{"id":24053,"date":"2015-01-20T13:54:30","date_gmt":"2015-01-20T18:54:30","guid":{"rendered":"http:\/\/www.ambiente.gob.ec\/?p=24053"},"modified":"2015-01-21T11:57:25","modified_gmt":"2015-01-21T16:57:25","slug":"mae-lanzara-campana-cuidemos-a-los-animales","status":"publish","type":"post","link":"https:\/\/www.ambienteyenergia.gob.ec\/ambiente\/mae-lanzara-campana-cuidemos-a-los-animales\/","title":{"rendered":"MAE presentar\u00e1 campa\u00f1a \u201cCuidemos a los Animales\u201d"},"content":{"rendered":"<p style=\"text-align: justify;\">Con el objetivo de concientizar a los conductores que transitan por las v\u00edas de las \u00c1reas Protegidas del Parque Nacional Machalilla y el Refugio de Vida Silvestre y Marino Costera Pacoche; el Ministerio del Ambiente del Ecuador (MAE), realizar\u00e1 la presentaci\u00f3n de la campa\u00f1a \u201cCuidemos los Animales\u201d que se llevar\u00e1 a cabo este mi\u00e9rcoles 21 de enero a las 10:30, en las instalaciones del Parque Nacional Machalilla.<\/p>\n<p style=\"text-align: justify;\">La rueda de prensa contar\u00e1 con la presencia de autoridades, estudiantes, voluntarios, guardapaques, y ciudadanos que se unen a esta gran campa\u00f1a que busca salvaguardar a las especies de vida silvestre.<\/p>\n<p style=\"text-align: justify;\">\u00c1ngelo Traverso, Director provincial del MAE, inform\u00f3 que desde noviembre del 2012 se realiz\u00f3 monitoreos con el fin de tomar medidas de manejo para reducir el impacto hacia las especies que utilizan estas v\u00edas como zonas de cruce. Durante los estudios se evidenci\u00f3 el atropellamiento de varias especies de vida silvestre como: tigrillos, yaguarundi, venados, zorros, aves, guanta, lobos de la costa, monos, ardilla, entre otros.<\/p>\n<p style=\"text-align: justify;\">Para evitar la p\u00e9rdida de biodiversidad y situaciones de riesgos para los conductores, se busca concienciar sobre la necesidad de reducir la velocidad en las zonas cr\u00edticas o de mayor riesgo de atropellamiento. De esta forma, se proyecta tambi\u00e9n reforzar las se\u00f1ales de tr\u00e1nsito con informaci\u00f3n referente a la presencia potencial de animales salvajes sobre la zona de camino.<\/p>\n<p style=\"text-align: justify;\">Adem\u00e1s, en el evento se expondr\u00e1 los resultados del Plan Piloto de Reducci\u00f3n de Mortalidad de Fauna Silvestre por Atropellamiento que se viene desarrollando en las v\u00edas que atraviesan las \u00e1reas protegidas Refugio de Vida Silvestre y Marino Costera Pacoche y Parque Nacional Machalilla, desde el 2012.<\/p>\n<p style=\"text-align: justify;\">JB\/MH<\/p>\n","protected":false},"excerpt":{"rendered":"<p class=\"excerpt\">Con el objetivo de concientizar a los conductores que transitan por las v\u00edas de las \u00c1reas Protegidas del Parque Nacional Machalilla y el Refugio de Vida Silvestre y Marino Costera Pacoche; el Ministerio del Ambiente del Ecuador (MAE), realizar\u00e1 la presentaci\u00f3n de la campa\u00f1a \u201cCuidemos los Animales\u201d que se llevar\u00e1 a cabo este mi\u00e9rcoles 21 de enero a las 10:30,&hellip; <a href=\"https:\/\/www.ambienteyenergia.gob.ec\/ambiente\/mae-lanzara-campana-cuidemos-a-los-animales\/\">Read more &rarr;<\/a><\/p>\n","protected":false},"author":13,"featured_media":0,"comment_status":"open","ping_status":"open","sticky":false,"template":"","format":"standard","meta":{"footnotes":""},"categories":[16,4],"tags":[],"class_list":["post-24053","post","type-post","status-publish","format-standard","hentry","category-comunicamos","category-noticias","xfolkentry"],"_links":{"self":[{"href":"https:\/\/www.ambienteyenergia.gob.ec\/ambiente\/wp-json\/wp\/v2\/posts\/24053","targetHints":{"allow":["GET"]}}],"collection":[{"href":"https:\/\/www.ambienteyenergia.gob.ec\/ambiente\/wp-json\/wp\/v2\/posts"}],"about":[{"href":"https:\/\/www.ambienteyenergia.gob.ec\/ambiente\/wp-json\/wp\/v2\/types\/post"}],"author":[{"embeddable":true,"href":"https:\/\/www.ambienteyenergia.gob.ec\/ambiente\/wp-json\/wp\/v2\/users\/13"}],"replies":[{"embeddable":true,"href":"https:\/\/www.ambienteyenergia.gob.ec\/ambiente\/wp-json\/wp\/v2\/comments?post=24053"}],"version-history":[{"count":0,"href":"https:\/\/www.ambienteyenergia.gob.ec\/ambiente\/wp-json\/wp\/v2\/posts\/24053\/revisions"}],"wp:attachment":[{"href":"https:\/\/www.ambienteyenergia.gob.ec\/ambiente\/wp-json\/wp\/v2\/media?parent=24053"}],"wp:term":[{"taxonomy":"category","embeddable":true,"href":"https:\/\/www.ambienteyenergia.gob.ec\/ambiente\/wp-json\/wp\/v2\/categories?post=24053"},{"taxonomy":"post_tag","embeddable":true,"href":"https:\/\/www.ambienteyenergia.gob.ec\/ambiente\/wp-json\/wp\/v2\/tags?post=24053"}],"curies":[{"name":"wp","href":"https:\/\/api.w.org\/{rel}","templated":true}]}}