{"id":24047,"date":"2015-01-19T15:26:48","date_gmt":"2015-01-19T20:26:48","guid":{"rendered":"http:\/\/www.ambiente.gob.ec\/?p=24047"},"modified":"2015-01-19T15:28:28","modified_gmt":"2015-01-19T20:28:28","slug":"mae-rescato-un-cernicalo-americano-en-bolivar","status":"publish","type":"post","link":"https:\/\/www.ambienteyenergia.gob.ec\/ambiente\/mae-rescato-un-cernicalo-americano-en-bolivar\/","title":{"rendered":"MAE rescat\u00f3 un cern\u00edcalo americano en Bol\u00edvar"},"content":{"rendered":"<p class=\"western\" align=\"JUSTIFY\"><span style=\"font-family: Arial, sans-serif;\">El pasado viernes, gracias a la colaboraci\u00f3n de la ciudadan\u00eda, personal de la Direcci\u00f3n Provincial del Ambiente de Bol\u00edvar rescataron un cern\u00edcalo americano (Falco sparverius) que se encontraba en las instalaciones de la Fundaci\u00f3n ABC de Guaranda.<\/span><\/p>\n<p class=\"western\" align=\"JUSTIFY\"><span style=\"font-family: Arial, sans-serif;\">Este esp\u00e9cimen fue encontrado con las alas cortadas, motivo que le impide volar y permanec\u00eda en las instalaciones de ABC. Debido a su condici\u00f3n f\u00edsica, t\u00e9cnicos del MAE movilizaron al cern\u00edcalo a un Centro de Vida Silvestre para su valoraci\u00f3n veterinaria e inicio de su proceso de recuperaci\u00f3n.<\/span><\/p>\n<p class=\"western\" align=\"JUSTIFY\"><span style=\"font-family: Arial, sans-serif;\">Esta ave forma parte de la especie falconiforme perteneciente a las rapaces. Gran parte de ellas habitan en el continente Americano, desde Canad\u00e1 hasta Argentina, Tierra de Fuego.<\/span><\/p>\n<p class=\"western\" align=\"JUSTIFY\"><span style=\"font-family: Arial, sans-serif;\">A pesar de no encontrarse en peligro de extinci\u00f3n, de acuerdo a su rango de distribuci\u00f3n, las poblaciones locales son amenazadas por la destrucci\u00f3n de su h\u00e1bitat y por la contaminaci\u00f3n (BirdLife Internacional, 2009, Hoffman et al., 1985).\/vh-ds<\/span><\/p>\n","protected":false},"excerpt":{"rendered":"<p class=\"excerpt\">El pasado viernes, gracias a la colaboraci\u00f3n de la ciudadan\u00eda, personal de la Direcci\u00f3n Provincial del Ambiente de Bol\u00edvar rescataron un cern\u00edcalo americano (Falco sparverius) que se encontraba en las instalaciones de la Fundaci\u00f3n ABC de Guaranda. Este esp\u00e9cimen fue encontrado con las alas cortadas, motivo que le impide volar y permanec\u00eda en las instalaciones de ABC. Debido a su&hellip; <a href=\"https:\/\/www.ambienteyenergia.gob.ec\/ambiente\/mae-rescato-un-cernicalo-americano-en-bolivar\/\">Read more &rarr;<\/a><\/p>\n","protected":false},"author":13,"featured_media":0,"comment_status":"open","ping_status":"open","sticky":false,"template":"","format":"standard","meta":{"footnotes":""},"categories":[16,4],"tags":[180,644,108,53,224,408],"class_list":["post-24047","post","type-post","status-publish","format-standard","hentry","category-comunicamos","category-noticias","tag-bolivar","tag-guaranda","tag-lorena-tapia","tag-mae","tag-rescate","tag-vida-silvestre","xfolkentry"],"_links":{"self":[{"href":"https:\/\/www.ambienteyenergia.gob.ec\/ambiente\/wp-json\/wp\/v2\/posts\/24047","targetHints":{"allow":["GET"]}}],"collection":[{"href":"https:\/\/www.ambienteyenergia.gob.ec\/ambiente\/wp-json\/wp\/v2\/posts"}],"about":[{"href":"https:\/\/www.ambienteyenergia.gob.ec\/ambiente\/wp-json\/wp\/v2\/types\/post"}],"author":[{"embeddable":true,"href":"https:\/\/www.ambienteyenergia.gob.ec\/ambiente\/wp-json\/wp\/v2\/users\/13"}],"replies":[{"embeddable":true,"href":"https:\/\/www.ambienteyenergia.gob.ec\/ambiente\/wp-json\/wp\/v2\/comments?post=24047"}],"version-history":[{"count":0,"href":"https:\/\/www.ambienteyenergia.gob.ec\/ambiente\/wp-json\/wp\/v2\/posts\/24047\/revisions"}],"wp:attachment":[{"href":"https:\/\/www.ambienteyenergia.gob.ec\/ambiente\/wp-json\/wp\/v2\/media?parent=24047"}],"wp:term":[{"taxonomy":"category","embeddable":true,"href":"https:\/\/www.ambienteyenergia.gob.ec\/ambiente\/wp-json\/wp\/v2\/categories?post=24047"},{"taxonomy":"post_tag","embeddable":true,"href":"https:\/\/www.ambienteyenergia.gob.ec\/ambiente\/wp-json\/wp\/v2\/tags?post=24047"}],"curies":[{"name":"wp","href":"https:\/\/api.w.org\/{rel}","templated":true}]}}