{"id":24035,"date":"2015-01-19T09:46:22","date_gmt":"2015-01-19T14:46:22","guid":{"rendered":"http:\/\/www.ambiente.gob.ec\/?p=24035"},"modified":"2015-01-19T13:22:45","modified_gmt":"2015-01-19T18:22:45","slug":"mae-fomento-el-desarrollo-de-capacidades-para-la-mitigacion-del-cambio-climatico-en-2014","status":"publish","type":"post","link":"https:\/\/www.ambienteyenergia.gob.ec\/ambiente\/mae-fomento-el-desarrollo-de-capacidades-para-la-mitigacion-del-cambio-climatico-en-2014\/","title":{"rendered":"MAE foment\u00f3 el desarrollo de capacidades para la mitigaci\u00f3n del cambio clim\u00e1tico en 2014"},"content":{"rendered":"<p>Con el objetivo de incrementar los mecanismos de regulaci\u00f3n y monitoreo, as\u00ed como las capacidades para la mitigaci\u00f3n del Cambio Clim\u00e1tico, el Ministerio del Ambiente de Ecuador (MAE) impuls\u00f3 la creaci\u00f3n de pol\u00edticas p\u00fablicas, la gesti\u00f3n de conocimientos, el desarrollo de medidas y registro de control de acciones orientadas a reducir las emisiones de gases de efecto invernadero en el pa\u00eds.<\/p>\n<p>Durante el a\u00f1o 2014, la Subsecretar\u00eda de Cambio Clim\u00e1tico formul\u00f3, desarroll\u00f3 e implement\u00f3 11 pol\u00edticas y normativas respecto a mecanismos y modelos de gesti\u00f3n para la mitigaci\u00f3n del cambio clim\u00e1tico como parte de las estrategias REED+, Clase del Uso de la Tierra, Resoluci\u00f3n de Controversias, Distribuci\u00f3n de Beneficios, Consulta y Negociaci\u00f3n de REDD+, Sistema de Registro entre otros.<\/p>\n<p>Adem\u00e1s, el MAE implement\u00f3 exitosamente tres Acciones Nacionales de Mitigaci\u00f3n Apropiadas (NAMAs) como propuestas para disminuir la emisi\u00f3n de Gases de Efecto Invernadero (GEI), iniciativa que se suma al desarrollo del Sistema de Inventarios de GEI, con el objetivo de analizar el potencial nacional para la mitigaci\u00f3n y de la aplicabilidad de otras NAMAs en los sectores agricultura y transporte.<\/p>\n<p>Esta Cartera de Estado capacit\u00f3 a 959 personas sobre Mecanismos de Desarrollo Limpio (MDL), estrategias REDD, inventario de GEI (Proyecto FOCAM), cambio clim\u00e1tico.<\/p>\n<p>Con esto el Ministerio del Ambiente ha trabajado de forma integral en todos los sectores relacionados a procesos de mitigaci\u00f3n del cambio clim\u00e1tico, en especial en zonas de alta vulnerabilidad, lo que contribuye al desarrollo de las capacidades adaptativas de la poblaci\u00f3n frente a los efectos del cambio clim\u00e1tico.\/ss-ds<\/p>\n","protected":false},"excerpt":{"rendered":"<p class=\"excerpt\">Con el objetivo de incrementar los mecanismos de regulaci\u00f3n y monitoreo, as\u00ed como las capacidades para la mitigaci\u00f3n del Cambio Clim\u00e1tico, el Ministerio del Ambiente de Ecuador (MAE) impuls\u00f3 la creaci\u00f3n de pol\u00edticas p\u00fablicas, la gesti\u00f3n de conocimientos, el desarrollo de medidas y registro de control de acciones orientadas a reducir las emisiones de gases de efecto invernadero en el&hellip; <a href=\"https:\/\/www.ambienteyenergia.gob.ec\/ambiente\/mae-fomento-el-desarrollo-de-capacidades-para-la-mitigacion-del-cambio-climatico-en-2014\/\">Read more &rarr;<\/a><\/p>\n","protected":false},"author":13,"featured_media":0,"comment_status":"open","ping_status":"open","sticky":false,"template":"","format":"standard","meta":{"footnotes":""},"categories":[16,4],"tags":[133,639,638,108,53,637],"class_list":["post-24035","post","type-post","status-publish","format-standard","hentry","category-comunicamos","category-noticias","tag-cambio-climatico","tag-capacidades","tag-gei","tag-lorena-tapia","tag-mae","tag-mitigacion","xfolkentry"],"_links":{"self":[{"href":"https:\/\/www.ambienteyenergia.gob.ec\/ambiente\/wp-json\/wp\/v2\/posts\/24035","targetHints":{"allow":["GET"]}}],"collection":[{"href":"https:\/\/www.ambienteyenergia.gob.ec\/ambiente\/wp-json\/wp\/v2\/posts"}],"about":[{"href":"https:\/\/www.ambienteyenergia.gob.ec\/ambiente\/wp-json\/wp\/v2\/types\/post"}],"author":[{"embeddable":true,"href":"https:\/\/www.ambienteyenergia.gob.ec\/ambiente\/wp-json\/wp\/v2\/users\/13"}],"replies":[{"embeddable":true,"href":"https:\/\/www.ambienteyenergia.gob.ec\/ambiente\/wp-json\/wp\/v2\/comments?post=24035"}],"version-history":[{"count":0,"href":"https:\/\/www.ambienteyenergia.gob.ec\/ambiente\/wp-json\/wp\/v2\/posts\/24035\/revisions"}],"wp:attachment":[{"href":"https:\/\/www.ambienteyenergia.gob.ec\/ambiente\/wp-json\/wp\/v2\/media?parent=24035"}],"wp:term":[{"taxonomy":"category","embeddable":true,"href":"https:\/\/www.ambienteyenergia.gob.ec\/ambiente\/wp-json\/wp\/v2\/categories?post=24035"},{"taxonomy":"post_tag","embeddable":true,"href":"https:\/\/www.ambienteyenergia.gob.ec\/ambiente\/wp-json\/wp\/v2\/tags?post=24035"}],"curies":[{"name":"wp","href":"https:\/\/api.w.org\/{rel}","templated":true}]}}