{"id":24033,"date":"2015-01-19T08:15:49","date_gmt":"2015-01-19T13:15:49","guid":{"rendered":"http:\/\/www.ambiente.gob.ec\/?p=24033"},"modified":"2015-01-19T09:51:38","modified_gmt":"2015-01-19T14:51:38","slug":"presidente-correa-ratifico-la-enmienda-de-doha-al-protocolo-de-kyoto","status":"publish","type":"post","link":"https:\/\/www.ambienteyenergia.gob.ec\/ambiente\/presidente-correa-ratifico-la-enmienda-de-doha-al-protocolo-de-kyoto\/","title":{"rendered":"Presidente Correa ratific\u00f3 la Enmienda de Doha al Protocolo de Kyoto"},"content":{"rendered":"<p align=\"JUSTIFY\"><span style=\"font-family: Arial, sans-serif;\">A trav\u00e9s del Decreto N\u00b0 548, suscrito el pasado mi\u00e9rcoles, el presidente Rafael Correa Delgado, ratific\u00f3 la Enmienda de Doha al Protocolo de Kyoto<i> <\/i>que fue promulgada el 8 de diciembre de 2012 en la ciudad de Doha, Catar, en el marco de la D\u00e9cimo Octava Conferencia de los Estados Parte de la Convenci\u00f3n Marco de las Naciones Unidas sobre Cambio Clim\u00e1tico (COP 18).<\/span><\/p>\n<p><span style=\"font-family: Arial, sans-serif;\">Sin embargo, hay que aclarar que para que esta enmienda<\/span><span style=\"font-family: Arial, sans-serif;\"><span style=\"font-size: medium;\"><i>\u00a0<\/i><\/span><\/span><span style=\"font-family: Arial, sans-serif;\">entre en rigor, es necesaria la ratificaci\u00f3n de 144 pa\u00edses. De no existir el apoyo necesario, significar\u00eda la finalizaci\u00f3n del Protocolo de Kyoto, lo que desencadenar\u00eda un retroceso en la gobernanza clim\u00e1tica internacional.<\/span><\/p>\n<p align=\"JUSTIFY\"><span style=\"font-family: Arial, sans-serif;\">El Protocolo de Kyoto es un instrumento legal que compromete a pa\u00edses desarrollados a reducir las emisiones de ciertos gases de efecto invernadero en un cierto per<\/span><span style=\"font-family: Arial, sans-serif;\">\u00edo<\/span><span style=\"font-family: Arial, sans-serif;\">do de tiempo. <\/span><\/p>\n<p align=\"JUSTIFY\"><span style=\"font-family: Arial, sans-serif;\">Su primer <\/span><span style=\"font-family: Arial, sans-serif;\">plazo<\/span><span style=\"font-family: Arial, sans-serif;\"> abarc\u00f3 los a\u00f1os 2008 y 2012, por lo que durante la COP18, de finales de 2012, se aprob\u00f3 una enmienda para alargar <\/span><span style=\"font-family: Arial, sans-serif;\">el convenio<\/span><span style=\"font-family: Arial, sans-serif;\"> durante un per\u00edodo adicional. <\/span><\/p>\n<p align=\"JUSTIFY\"><span style=\"font-family: Arial, sans-serif;\">Este nuevo per\u00edodo de compromisos (2013-2020) incluye nuevas metas de reducci\u00f3n por los pa\u00edses desarrollados, y a\u00f1ade un nuevo gas que ser\u00e1 cubierto por el mismo (Hidrofluorocarbonos \u2013 HFCs). Adem\u00e1s, detalla que algunos pa\u00edses dejar\u00e1n de participar en el Protocolo (Canad\u00e1, Jap\u00f3n, Nueva Zelandia, Rusia).\/ss-ds<\/span><\/p>\n","protected":false},"excerpt":{"rendered":"<p class=\"excerpt\">A trav\u00e9s del Decreto N\u00b0 548, suscrito el pasado mi\u00e9rcoles, el presidente Rafael Correa Delgado, ratific\u00f3 la Enmienda de Doha al Protocolo de Kyoto que fue promulgada el 8 de diciembre de 2012 en la ciudad de Doha, Catar, en el marco de la D\u00e9cimo Octava Conferencia de los Estados Parte de la Convenci\u00f3n Marco de las Naciones Unidas sobre&hellip; <a href=\"https:\/\/www.ambienteyenergia.gob.ec\/ambiente\/presidente-correa-ratifico-la-enmienda-de-doha-al-protocolo-de-kyoto\/\">Read more &rarr;<\/a><\/p>\n","protected":false},"author":13,"featured_media":0,"comment_status":"open","ping_status":"open","sticky":false,"template":"","format":"standard","meta":{"footnotes":""},"categories":[16,4],"tags":[133,108,53,636],"class_list":["post-24033","post","type-post","status-publish","format-standard","hentry","category-comunicamos","category-noticias","tag-cambio-climatico","tag-lorena-tapia","tag-mae","tag-protocolo-de-kyoto","xfolkentry"],"_links":{"self":[{"href":"https:\/\/www.ambienteyenergia.gob.ec\/ambiente\/wp-json\/wp\/v2\/posts\/24033","targetHints":{"allow":["GET"]}}],"collection":[{"href":"https:\/\/www.ambienteyenergia.gob.ec\/ambiente\/wp-json\/wp\/v2\/posts"}],"about":[{"href":"https:\/\/www.ambienteyenergia.gob.ec\/ambiente\/wp-json\/wp\/v2\/types\/post"}],"author":[{"embeddable":true,"href":"https:\/\/www.ambienteyenergia.gob.ec\/ambiente\/wp-json\/wp\/v2\/users\/13"}],"replies":[{"embeddable":true,"href":"https:\/\/www.ambienteyenergia.gob.ec\/ambiente\/wp-json\/wp\/v2\/comments?post=24033"}],"version-history":[{"count":0,"href":"https:\/\/www.ambienteyenergia.gob.ec\/ambiente\/wp-json\/wp\/v2\/posts\/24033\/revisions"}],"wp:attachment":[{"href":"https:\/\/www.ambienteyenergia.gob.ec\/ambiente\/wp-json\/wp\/v2\/media?parent=24033"}],"wp:term":[{"taxonomy":"category","embeddable":true,"href":"https:\/\/www.ambienteyenergia.gob.ec\/ambiente\/wp-json\/wp\/v2\/categories?post=24033"},{"taxonomy":"post_tag","embeddable":true,"href":"https:\/\/www.ambienteyenergia.gob.ec\/ambiente\/wp-json\/wp\/v2\/tags?post=24033"}],"curies":[{"name":"wp","href":"https:\/\/api.w.org\/{rel}","templated":true}]}}