{"id":24028,"date":"2015-01-17T12:19:11","date_gmt":"2015-01-17T17:19:11","guid":{"rendered":"http:\/\/www.ambiente.gob.ec\/?p=24028"},"modified":"2015-01-17T16:35:30","modified_gmt":"2015-01-17T21:35:30","slug":"ministerio-del-ambiente-participa-de-la-feria-innopolis-conocimiento-es-libertad","status":"publish","type":"post","link":"https:\/\/www.ambienteyenergia.gob.ec\/ambiente\/ministerio-del-ambiente-participa-de-la-feria-innopolis-conocimiento-es-libertad\/","title":{"rendered":"Ministerio del Ambiente participa de la Feria Innopolis: Conocimiento es libertad"},"content":{"rendered":"<p style=\"text-align: justify;\">Desde el jueves 15 hasta el domingo 18, ciudad Yachay en Urcuqu\u00ed, recibe a miles de estudiantes, investigadores, empresarios, innovadores, expertos nacionales y extranjeros y ciudan\u00eda en general que compartir\u00e1n sus experiencias en diferentes \u00e1reas como patrimonio, energ\u00eda, cultura, entre otros.<\/p>\n<p style=\"text-align: justify;\">En un entorno de innovaci\u00f3n y emprendimiento el Ministerio del Ambiente est\u00e1 presente con un stand en el que se presenta a los visitantes la gesti\u00f3n que se realiza en temas trascendentes como el manejo integral de desechos s\u00f3lidos, monitoreo forestal, huella ecol\u00f3gica y sistema \u00fanico de informaci\u00f3n ambiental.<\/p>\n<p style=\"text-align: justify;\">La Ministra del Ambiente, Lorena Tapia N\u00fa\u00f1ez, recorri\u00f3 el stand del MAE donde t\u00e9cnicos especializados explicaban sobre los productos y servicios que los ciudadanos pueden manejar de manera f\u00e1cil y\u00a0realizar sus tr\u00e1mites de manera \u00e1gil y segura. La ministra asegur\u00f3 que las pol\u00edticas ambientales se pueden cumplir con el compromiso de una ciudadan\u00eda comprometida y que tenga conocimiento de la normativa para lograr el manejo adecuado de los recursos naturales del pa\u00eds.<\/p>\n<p style=\"text-align: justify;\">Huella Ecol\u00f3gica<\/p>\n<p style=\"text-align: justify;\">Muchos j\u00f3venes midieron su Huella Ecol\u00f3gica en la calculadora del stand del MAE. Este es un indicador ambiental que analiza la presi\u00f3n que los seres humanos generan sobre el ambiente, con base en\u00a0 los recursos naturales que utilizan para satisfacer sus patrones de consumo. Este indicador permite comparar los recursos existentes en la tierra frente a lo que la sociedad demanda<\/p>\n<p style=\"text-align: justify;\">Jenifer Sierra, realiz\u00f3 este ejercicio y se comprometi\u00f3 a compensar 31kg que gener\u00f3 al asistir a la feria. \u201cEs interesante darse cuenta como cada actividad que realizamos tiene un impacto al ambiente, ahora me comprometo a consumir productos locales y as\u00ed evito las emisiones que genera el transporte de productos importados\u201d.<\/p>\n<p style=\"text-align: justify;\">Gesti\u00f3n Integral de Desechos S\u00f3lidos<\/p>\n<p style=\"text-align: justify;\">Las causas m\u00e1s conocidas de la contaminaci\u00f3n por desechos s\u00f3lidos son los botaderos sin control, mala disposici\u00f3n de desechos, falta de servicio por parte de municipios, desconocimiento y falta de cultura ambiental.<\/p>\n<p style=\"text-align: justify;\"><span style=\"color: #373737;\">El objetivo de este Programa es impulsar la gesti\u00f3n de los residuos s\u00f3lidos en los municipios del Ecuador, con un enfoque integral y sostenible; que permita disminuir la contaminaci\u00f3n ambiental, mejorando la calidad de vida de los ciudadanos e impulsando la conservaci\u00f3n de los ecosistemas a trav\u00e9s de estrategias, planes y actividades de capacitaci\u00f3n, sensibilizaci\u00f3n y est\u00edmulo a los diferentes actores relacionados.<\/span><\/p>\n<p style=\"text-align: justify;\">Control Forestal<\/p>\n<p style=\"text-align: justify;\">El Sistema Nacional de Control Forestal tiene como objetivo contribuir a mejorar las condiciones de vida de los propietarios de bosques a trav\u00e9s de la aplicaci\u00f3n de mecanismos de manejo, uso y control de los recursos forestales y vida silvestre del pa\u00eds.<\/p>\n<p style=\"text-align: justify;\">La Estrategia para el Desarrollo Forestal del MAE\u00a0 plantea como pol\u00edtica de Estado el Manejo Forestal Sustentable de los bosques como condici\u00f3n principal de conservaci\u00f3n de los mismos en el tiempo. Es por esto que trabajamos con tecnolog\u00eda de \u00faltima generaci\u00f3n. La adquisici\u00f3n hist\u00f3rica de drones (aviones no tripulados) para el monitoreo de \u00e1reas de dif\u00edcil acceso, que requieren ser intervenidas para un \u00f3ptimo manejo forestal sostenible.<\/p>\n<p style=\"text-align: justify;\">\u201cPienso que el Ministerio de Ambiente participa activamente en este tipo de ferias, al motivar a la poblaci\u00f3n al uso de tecnolog\u00edas que son amigables con el medio ambiente y el entorno\u201d coment\u00f3 Flavio Gordillo, estudiante de la Universidad Yachay.<\/p>\n<p style=\"text-align: justify;\">Sistema \u00danico de Informaci\u00f3n Ambiental (SUIA)<\/p>\n<p style=\"text-align: justify;\">SUIA es una soluci\u00f3n inform\u00e1tica que permite contar con una plataforma on-line \u00fanica que abarque todos los servicios prestados por esta Cartera de Estado hacia la ciudadan\u00eda. Esta herramienta integral de informaci\u00f3n y servicios ambientales reduce tiempo y optimiza procesos de acreditaci\u00f3n ambiental.<\/p>\n<p style=\"text-align: justify;\">Otros productos y servicios se dieron a conocer a los visitantes fueron: MAE Transparente, Regularizaci\u00f3n Ambiental, Sistema de Administraci\u00f3n Forestal (SAF), Sistema de Informaci\u00f3n de Biodiversidad (SIB), Mapa Interactivo, Lineamientos Estrat\u00e9gicos Nacionales de Investigaci\u00f3n Ambiental (LENIA), Repositorio del Conocimiento Ambiental, Sistema Nacional de Indicadores Ambientales (SNIA), Sistema de Indicadores de Pasivos Ambientales (SIPAS) y Yasun\u00ed Transparente.<\/p>\n<p style=\"text-align: justify;\">\u201cPienso que el Ministerio de Ambiente participa activamente en este tipo de ferias, al motivar a la poblaci\u00f3n al uso de tecnolog\u00edas que son amigables con el ambiente y el entorno\u201d coment\u00f3 Flavio Gordillo, estudiante de la Universidad Yachay.<\/p>\n<p style=\"text-align: justify;\">La importancia de estos espacios en los que la ciudadan\u00eda participa es muy importante porque pueden conocer y reflexionar sobre la importancia fundamental de \u00a0consumir los recursos de forma sostenible y racional, para alcanzar el Buen Vivir, a trav\u00e9s de la relaci\u00f3n arm\u00f3nica entre la naturaleza y el ser humano.<\/p>\n","protected":false},"excerpt":{"rendered":"<p class=\"excerpt\">Desde el jueves 15 hasta el domingo 18, ciudad Yachay en Urcuqu\u00ed, recibe a miles de estudiantes, investigadores, empresarios, innovadores, expertos nacionales y extranjeros y ciudan\u00eda en general que compartir\u00e1n sus experiencias en diferentes \u00e1reas como patrimonio, energ\u00eda, cultura, entre otros. En un entorno de innovaci\u00f3n y emprendimiento el Ministerio del Ambiente est\u00e1 presente con un stand en el que&hellip; <a href=\"https:\/\/www.ambienteyenergia.gob.ec\/ambiente\/ministerio-del-ambiente-participa-de-la-feria-innopolis-conocimiento-es-libertad\/\">Read more &rarr;<\/a><\/p>\n","protected":false},"author":13,"featured_media":0,"comment_status":"open","ping_status":"open","sticky":false,"template":"","format":"standard","meta":{"footnotes":""},"categories":[16,4,1],"tags":[],"class_list":["post-24028","post","type-post","status-publish","format-standard","hentry","category-comunicamos","category-noticias","category-sin-categoria","xfolkentry"],"_links":{"self":[{"href":"https:\/\/www.ambienteyenergia.gob.ec\/ambiente\/wp-json\/wp\/v2\/posts\/24028","targetHints":{"allow":["GET"]}}],"collection":[{"href":"https:\/\/www.ambienteyenergia.gob.ec\/ambiente\/wp-json\/wp\/v2\/posts"}],"about":[{"href":"https:\/\/www.ambienteyenergia.gob.ec\/ambiente\/wp-json\/wp\/v2\/types\/post"}],"author":[{"embeddable":true,"href":"https:\/\/www.ambienteyenergia.gob.ec\/ambiente\/wp-json\/wp\/v2\/users\/13"}],"replies":[{"embeddable":true,"href":"https:\/\/www.ambienteyenergia.gob.ec\/ambiente\/wp-json\/wp\/v2\/comments?post=24028"}],"version-history":[{"count":0,"href":"https:\/\/www.ambienteyenergia.gob.ec\/ambiente\/wp-json\/wp\/v2\/posts\/24028\/revisions"}],"wp:attachment":[{"href":"https:\/\/www.ambienteyenergia.gob.ec\/ambiente\/wp-json\/wp\/v2\/media?parent=24028"}],"wp:term":[{"taxonomy":"category","embeddable":true,"href":"https:\/\/www.ambienteyenergia.gob.ec\/ambiente\/wp-json\/wp\/v2\/categories?post=24028"},{"taxonomy":"post_tag","embeddable":true,"href":"https:\/\/www.ambienteyenergia.gob.ec\/ambiente\/wp-json\/wp\/v2\/tags?post=24028"}],"curies":[{"name":"wp","href":"https:\/\/api.w.org\/{rel}","templated":true}]}}