{"id":24024,"date":"2015-01-16T18:24:39","date_gmt":"2015-01-16T23:24:39","guid":{"rendered":"http:\/\/www.ambiente.gob.ec\/?p=24024"},"modified":"2015-01-19T13:20:09","modified_gmt":"2015-01-19T18:20:09","slug":"mae-capacita-sobre-bioseguridad-acceso-a-recursos-geneticos-y-biocomercio-a-la-comision-de-biodiversidad","status":"publish","type":"post","link":"https:\/\/www.ambienteyenergia.gob.ec\/ambiente\/mae-capacita-sobre-bioseguridad-acceso-a-recursos-geneticos-y-biocomercio-a-la-comision-de-biodiversidad\/","title":{"rendered":"MAE capacita sobre bioseguridad, acceso a recursos gen\u00e9ticos y biocomercio a la Comisi\u00f3n de Biodiversidad"},"content":{"rendered":"<p style=\"text-align: justify;\">Como parte del\u00a0debate del C\u00f3digo Org\u00e1nico de Ambiente que se realiza en la en la Comisi\u00f3n de Biodiversidad de la Asamblea Nacional, el Ministerio de Ambiente de Ecuador (MAE) organiz\u00f3 un taller sobre bioseguridad, con la participaci\u00f3n de expertos nacionales e internacionales, quienes facilitaron el desarrollo de temas como acceso a recursos gen\u00e9ticos y biocomercio.<\/p>\n<p style=\"text-align: justify;\">La Ministra Lorena Tapia mencion\u00f3 que este tipo de iniciativas\u00a0permitir\u00e1n generar un cambio de visi\u00f3n en el Ecuador con el objetivo de generar un\u00a0equilibrio entre los aspectos ambientales, sociales y econ\u00f3micos del pa\u00eds. Este tipo de talleres\u00a0buscan\u00a0fomentar un debate t\u00e9cnico a favor del Buen Vivir.<\/p>\n<p style=\"text-align: justify;\"><strong>Bioseguridad<\/strong><\/p>\n<p style=\"text-align: justify;\">Mar\u00eda de Lourdes Torres, Vicedecana del Colegio de Ciencias Biol\u00f3gicas de la Universidad San Francisco de Quito, se\u00f1al\u00f3 la importancia de la biotecnolog\u00eda y bioseguridad en el Ecuador. Adem\u00e1s expuso las ventajas del m\u00e9todo de fitomejoramiento, que permite modificar productos gen\u00e9ticamente y as\u00ed, generar nuevas y mejores variedades que aporten al campo m\u00e9dico, donde se han creado medicinas destacadas como la insulina.<\/p>\n<p style=\"text-align: justify;\">As\u00ed mismo, Torres expone que a nivel mundial, 27 pa\u00edses cultivan organismos gen\u00e9ticamente modificados, mientras que 194 pa\u00edses consumen productos derivados de este tipo de cultivos a nivel global. En el 2013 se plantaron 175.2 millones de hect\u00e1reas, un incremento del 3% en comparaci\u00f3n con el \u00e1rea de cultivo del 2012.<\/p>\n<p style=\"text-align: justify;\">En la actualidad, 9 pa\u00edses en Am\u00e9rica Latina, \u00a0cultivan organismos gen\u00e9ticamente modificados: Brasil, Paraguay, Uruguay, Argentina, Colombia, Honduras, M\u00e9xico, Costa Rica, Bolivia.<\/p>\n<p style=\"text-align: justify;\"><strong>Acceso a recursos gen\u00e9ticos.<\/strong><\/p>\n<p style=\"text-align: justify;\">Alejandro Lagos, Director de la C\u00e1tedra UNESCO de territorio y Medio Ambiente de la Universidad Rey Juan Carlos de Espa\u00f1a expuso sobre las ventajas que tendr\u00eda el Ecuador al ser parte de Protocolo de Nagoya; por ejemplo, se podr\u00e1 dar seguimiento a la utilizaci\u00f3n de los recursos gen\u00e9ticos del pa\u00eds y en aquellos que forman parte del protocolo; as\u00ed mismo, se dar\u00e1 control y seguimiento al uso correcto de estos recursos.<\/p>\n<p style=\"text-align: justify;\"><strong>Biocomercio<\/strong>.<\/p>\n<p style=\"text-align: justify;\">El biocomercio se basa en el comercio de productos o servicios provenientes de la biodiversidad, rentables econ\u00f3mica y financieramente y que adem\u00e1s cumplen criterios de sostenibilidad ambientales y sociales.<\/p>\n<p style=\"text-align: justify;\">Karina Ron, t\u00e9cnica del Programa Nacional de Biocomercio ejecutado por el MAE expuso los objetivos de esta tem\u00e1tica que son: la conservaci\u00f3n de la biodiversidad, el uso sostenible y la distribuci\u00f3n de beneficios en forma justa y equitativa.<\/p>\n<p style=\"text-align: justify;\">El mercado global la biotecnolog\u00eda agr\u00edcola alcanz\u00f3 27,8 millones de d\u00f3lares en 2014. As\u00ed mismo, en el \u00e1mbito de uso de organismos gen\u00e9ticamente modificados en el Ecuador, los alimentos como chocolates, aceites, quesos y productos l\u00e1cteos dependen en un 98% de importaciones.<\/p>\n<p style=\"text-align: justify;\">\u00a0\u201cEl Ecuador est\u00e1 en la capacidad de generar recursos gen\u00e9ticos propios con el desarrollo de normas de seguridad y fines de investigaci\u00f3n necesarios\u201d expuso Lorena Tapia, ministra de Ambiente.<\/p>\n<p style=\"text-align: justify;\">Esta Cartera de Estado promueve el desarrollo responsable y seguro de la biotecnolog\u00eda, el acceso a recursos gen\u00e9ticos y el biocomercio, cuidando el medio ambiente, la salud y el bienestar de la poblaci\u00f3n. SV\/JV.<\/p>\n","protected":false},"excerpt":{"rendered":"<p class=\"excerpt\">Como parte del\u00a0debate del C\u00f3digo Org\u00e1nico de Ambiente que se realiza en la en la Comisi\u00f3n de Biodiversidad de la Asamblea Nacional, el Ministerio de Ambiente de Ecuador (MAE) organiz\u00f3 un taller sobre bioseguridad, con la participaci\u00f3n de expertos nacionales e internacionales, quienes facilitaron el desarrollo de temas como acceso a recursos gen\u00e9ticos y biocomercio. La Ministra Lorena Tapia mencion\u00f3&hellip; <a href=\"https:\/\/www.ambienteyenergia.gob.ec\/ambiente\/mae-capacita-sobre-bioseguridad-acceso-a-recursos-geneticos-y-biocomercio-a-la-comision-de-biodiversidad\/\">Read more &rarr;<\/a><\/p>\n","protected":false},"author":13,"featured_media":0,"comment_status":"open","ping_status":"open","sticky":false,"template":"","format":"standard","meta":{"footnotes":""},"categories":[16,4],"tags":[],"class_list":["post-24024","post","type-post","status-publish","format-standard","hentry","category-comunicamos","category-noticias","xfolkentry"],"_links":{"self":[{"href":"https:\/\/www.ambienteyenergia.gob.ec\/ambiente\/wp-json\/wp\/v2\/posts\/24024","targetHints":{"allow":["GET"]}}],"collection":[{"href":"https:\/\/www.ambienteyenergia.gob.ec\/ambiente\/wp-json\/wp\/v2\/posts"}],"about":[{"href":"https:\/\/www.ambienteyenergia.gob.ec\/ambiente\/wp-json\/wp\/v2\/types\/post"}],"author":[{"embeddable":true,"href":"https:\/\/www.ambienteyenergia.gob.ec\/ambiente\/wp-json\/wp\/v2\/users\/13"}],"replies":[{"embeddable":true,"href":"https:\/\/www.ambienteyenergia.gob.ec\/ambiente\/wp-json\/wp\/v2\/comments?post=24024"}],"version-history":[{"count":0,"href":"https:\/\/www.ambienteyenergia.gob.ec\/ambiente\/wp-json\/wp\/v2\/posts\/24024\/revisions"}],"wp:attachment":[{"href":"https:\/\/www.ambienteyenergia.gob.ec\/ambiente\/wp-json\/wp\/v2\/media?parent=24024"}],"wp:term":[{"taxonomy":"category","embeddable":true,"href":"https:\/\/www.ambienteyenergia.gob.ec\/ambiente\/wp-json\/wp\/v2\/categories?post=24024"},{"taxonomy":"post_tag","embeddable":true,"href":"https:\/\/www.ambienteyenergia.gob.ec\/ambiente\/wp-json\/wp\/v2\/tags?post=24024"}],"curies":[{"name":"wp","href":"https:\/\/api.w.org\/{rel}","templated":true}]}}