{"id":24022,"date":"2015-01-16T19:15:45","date_gmt":"2015-01-17T00:15:45","guid":{"rendered":"http:\/\/www.ambiente.gob.ec\/?p=24022"},"modified":"2015-01-16T19:15:45","modified_gmt":"2015-01-17T00:15:45","slug":"guardaparque-fausto-llerena-es-reconocido-por-su-trayectoria-laboral","status":"publish","type":"post","link":"https:\/\/www.ambienteyenergia.gob.ec\/ambiente\/guardaparque-fausto-llerena-es-reconocido-por-su-trayectoria-laboral\/","title":{"rendered":"Guardaparque Fausto Llerena es reconocido por su trayectoria laboral"},"content":{"rendered":"<p style=\"text-align: justify;\">El guardaparque m\u00e1s antiguo del pa\u00eds, Fausto Llerena\u00a0S\u00e1nchez, recibi\u00f3\u00a0hoy\u00a0un reconocimiento especial por parte del Ministerio del Ambiente, a trav\u00e9s de la Direcci\u00f3n del Parque Nacional Gal\u00e1pagos, tras cumplir 43 a\u00f1os al servicio de la conservaci\u00f3n.<\/p>\n<p style=\"text-align: justify;\">\u201cDon Fausto\u201d, como se lo conoce, fue el encargado de cuidar a la emblem\u00e1tica tortuga gigante de Gal\u00e1pagos, el Solitario George. Se destaca en \u00e9l la responsabilidad con la que ejerc\u00eda su trabajo y el trato amable y cordial que manten\u00eda con sus compa\u00f1eros y visitantes.<\/p>\n<p style=\"text-align: justify;\">\u201cEs dif\u00edcil despedir a un compa\u00f1ero, cuesta desprenderse de alguien que ha aportado tanto para la conservaci\u00f3n de Gal\u00e1pagos, pero estamos contentos porque fuimos nosotros los que tuvimos el privilegio de conocer lo mejor de usted, que con sus virtudes honr\u00f3 su trabajo por m\u00e1s de 4 d\u00e9cadas\u201d, destac\u00f3 la Ministra del Ambiente, MSc. Lorena Tapia, durante el acto.<\/p>\n<p style=\"text-align: justify;\">Para el Dr. Arturo Izurieta Valery, Director del Parque Nacional Gal\u00e1pagos, Don Fausto no solo fue un compa\u00f1ero y amigo, sino que a lo largo de su vida de guardaparque fue \u201cuno de sus mejores colaboradores\u201d, as\u00ed lo destac\u00f3 en su discurso: \u201cAdmirado como guardaparque, no solo por quienes tuvimos la dicha de laborar con \u00e9l, sino por millones de visitantes que ve\u00edan d\u00eda a d\u00eda su trabajo en el centro de crianza, a lo largo de estas \u00faltimas 4 d\u00e9cadas, Fausto Llerena fue justamente nombrado mejor guardaparque del Ecuador en el 2007 y\u00a0hoy\u00a0cierra un ciclo de su vida laboral como el guardaparque m\u00e1s antiguo del pa\u00eds\u201d.<\/p>\n<p>El Alcalde de Santa Cruz, Leopoldo Bucheli Mora, como primer personero del Concejo Cantonal, lo declar\u00f3 \u201cCiudadano Ilustre\u201d, galard\u00f3n que se otorga a los m\u00e1s destacados ciudadanos por su trayectoria de vida ejemplar para las presentes y futuras generaciones.<\/p>\n<p>Al acto de reconocimiento asistieron sus familiares, amigos y compa\u00f1eros y pudieron disfrutar de una exposici\u00f3n fotogr\u00e1fica de la vida de Fausto Llerena.<\/p>\n","protected":false},"excerpt":{"rendered":"<p class=\"excerpt\">El guardaparque m\u00e1s antiguo del pa\u00eds, Fausto Llerena\u00a0S\u00e1nchez, recibi\u00f3\u00a0hoy\u00a0un reconocimiento especial por parte del Ministerio del Ambiente, a trav\u00e9s de la Direcci\u00f3n del Parque Nacional Gal\u00e1pagos, tras cumplir 43 a\u00f1os al servicio de la conservaci\u00f3n. \u201cDon Fausto\u201d, como se lo conoce, fue el encargado de cuidar a la emblem\u00e1tica tortuga gigante de Gal\u00e1pagos, el Solitario George. Se destaca en \u00e9l&hellip; <a href=\"https:\/\/www.ambienteyenergia.gob.ec\/ambiente\/guardaparque-fausto-llerena-es-reconocido-por-su-trayectoria-laboral\/\">Read more &rarr;<\/a><\/p>\n","protected":false},"author":13,"featured_media":0,"comment_status":"open","ping_status":"open","sticky":false,"template":"","format":"standard","meta":{"footnotes":""},"categories":[16,4],"tags":[394,635,387],"class_list":["post-24022","post","type-post","status-publish","format-standard","hentry","category-comunicamos","category-noticias","tag-direccion-del-parque-nacional-galapagos","tag-fausto-llerena","tag-mae-lorena-tapia","xfolkentry"],"_links":{"self":[{"href":"https:\/\/www.ambienteyenergia.gob.ec\/ambiente\/wp-json\/wp\/v2\/posts\/24022","targetHints":{"allow":["GET"]}}],"collection":[{"href":"https:\/\/www.ambienteyenergia.gob.ec\/ambiente\/wp-json\/wp\/v2\/posts"}],"about":[{"href":"https:\/\/www.ambienteyenergia.gob.ec\/ambiente\/wp-json\/wp\/v2\/types\/post"}],"author":[{"embeddable":true,"href":"https:\/\/www.ambienteyenergia.gob.ec\/ambiente\/wp-json\/wp\/v2\/users\/13"}],"replies":[{"embeddable":true,"href":"https:\/\/www.ambienteyenergia.gob.ec\/ambiente\/wp-json\/wp\/v2\/comments?post=24022"}],"version-history":[{"count":0,"href":"https:\/\/www.ambienteyenergia.gob.ec\/ambiente\/wp-json\/wp\/v2\/posts\/24022\/revisions"}],"wp:attachment":[{"href":"https:\/\/www.ambienteyenergia.gob.ec\/ambiente\/wp-json\/wp\/v2\/media?parent=24022"}],"wp:term":[{"taxonomy":"category","embeddable":true,"href":"https:\/\/www.ambienteyenergia.gob.ec\/ambiente\/wp-json\/wp\/v2\/categories?post=24022"},{"taxonomy":"post_tag","embeddable":true,"href":"https:\/\/www.ambienteyenergia.gob.ec\/ambiente\/wp-json\/wp\/v2\/tags?post=24022"}],"curies":[{"name":"wp","href":"https:\/\/api.w.org\/{rel}","templated":true}]}}