{"id":24012,"date":"2015-01-12T12:05:24","date_gmt":"2015-01-12T17:05:24","guid":{"rendered":"http:\/\/www.ambiente.gob.ec\/?p=24012"},"modified":"2015-01-16T12:06:06","modified_gmt":"2015-01-16T17:06:06","slug":"mae-y-ecu-911-buscan-mecanismos-de-seguridad-para-las-actividades-de-control-forestal","status":"publish","type":"post","link":"https:\/\/www.ambienteyenergia.gob.ec\/ambiente\/mae-y-ecu-911-buscan-mecanismos-de-seguridad-para-las-actividades-de-control-forestal\/","title":{"rendered":"MAE y ECU 911 buscan mecanismos de seguridad para las actividades de control forestal"},"content":{"rendered":"<p style=\"text-align: justify;\">El Ministerio del Ambiente del Ecuador (MAE) a trav\u00e9s de la Direcci\u00f3n Provincial del Ambiente Esmeraldas, mantuvo una reuni\u00f3n de trabajo con el ECU 911 con el fin de coordinar acciones para mejorar la seguridad de los trabajadores del MAE, que realicen funciones de inspecci\u00f3n forestal y que representa un alto grado de inseguridad. Adicionalmente, se plante\u00f3 varias estrategias para el control de la movilizaci\u00f3n y tala ilegal de madera, en este sector.<\/p>\n<p style=\"text-align: justify;\">\n<p style=\"text-align: justify;\">Es as\u00ed, que durante la reuni\u00f3n se establecieron mecanismos de respuesta inmediata, a trav\u00e9s de herramientas comunicacionales como mensajer\u00eda interna y llamadas telef\u00f3nicas de seguimiento, para que el trabajo de control forestal que realiza el MAE sea m\u00e1s seguro.<\/p>\n<p style=\"text-align: justify;\">\n<p style=\"text-align: justify;\">Adem\u00e1s, un equipo t\u00e9cnico de la Direcci\u00f3n Provincial del <em>Ambiente<\/em> de Esmeraldas realizar\u00e1 un recorrido por las instalaciones del ECU 911 para conocer c\u00f3mo funciona el sistema y de esta forma colaborar con el trabajo que realiza esta instituci\u00f3n.<\/p>\n<p style=\"text-align: justify;\">\n<p style=\"text-align: justify;\">Actualmente, el Servicio Integrado de Seguridad ECU 911 administra un sistema de c\u00e1maras de video ubicadas estrat\u00e9gicamente en toda la provincia de Esmeraldas y tambi\u00e9n posee redes de comunicaci\u00f3n con tecnolog\u00eda de punta que permiten desarrollar sistemas de alerta temprana a las diferentes instituciones seg\u00fan le corresponda su competencia.<\/p>\n<p style=\"text-align: justify;\">\n<p style=\"text-align: justify;\">Es as\u00ed como esta cartera de Estado trabaja por la seguridad del personal y del Medio Ambiente.<\/p>\n","protected":false},"excerpt":{"rendered":"<p class=\"excerpt\">El Ministerio del Ambiente del Ecuador (MAE) a trav\u00e9s de la Direcci\u00f3n Provincial del Ambiente Esmeraldas, mantuvo una reuni\u00f3n de trabajo con el ECU 911 con el fin de coordinar acciones para mejorar la seguridad de los trabajadores del MAE, que realicen funciones de inspecci\u00f3n forestal y que representa un alto grado de inseguridad. Adicionalmente, se plante\u00f3 varias estrategias para&hellip; <a href=\"https:\/\/www.ambienteyenergia.gob.ec\/ambiente\/mae-y-ecu-911-buscan-mecanismos-de-seguridad-para-las-actividades-de-control-forestal\/\">Read more &rarr;<\/a><\/p>\n","protected":false},"author":13,"featured_media":0,"comment_status":"open","ping_status":"open","sticky":false,"template":"","format":"standard","meta":{"footnotes":""},"categories":[16,4],"tags":[],"class_list":["post-24012","post","type-post","status-publish","format-standard","hentry","category-comunicamos","category-noticias","xfolkentry"],"_links":{"self":[{"href":"https:\/\/www.ambienteyenergia.gob.ec\/ambiente\/wp-json\/wp\/v2\/posts\/24012","targetHints":{"allow":["GET"]}}],"collection":[{"href":"https:\/\/www.ambienteyenergia.gob.ec\/ambiente\/wp-json\/wp\/v2\/posts"}],"about":[{"href":"https:\/\/www.ambienteyenergia.gob.ec\/ambiente\/wp-json\/wp\/v2\/types\/post"}],"author":[{"embeddable":true,"href":"https:\/\/www.ambienteyenergia.gob.ec\/ambiente\/wp-json\/wp\/v2\/users\/13"}],"replies":[{"embeddable":true,"href":"https:\/\/www.ambienteyenergia.gob.ec\/ambiente\/wp-json\/wp\/v2\/comments?post=24012"}],"version-history":[{"count":0,"href":"https:\/\/www.ambienteyenergia.gob.ec\/ambiente\/wp-json\/wp\/v2\/posts\/24012\/revisions"}],"wp:attachment":[{"href":"https:\/\/www.ambienteyenergia.gob.ec\/ambiente\/wp-json\/wp\/v2\/media?parent=24012"}],"wp:term":[{"taxonomy":"category","embeddable":true,"href":"https:\/\/www.ambienteyenergia.gob.ec\/ambiente\/wp-json\/wp\/v2\/categories?post=24012"},{"taxonomy":"post_tag","embeddable":true,"href":"https:\/\/www.ambienteyenergia.gob.ec\/ambiente\/wp-json\/wp\/v2\/tags?post=24012"}],"curies":[{"name":"wp","href":"https:\/\/api.w.org\/{rel}","templated":true}]}}