{"id":24010,"date":"2015-01-12T12:03:30","date_gmt":"2015-01-12T17:03:30","guid":{"rendered":"http:\/\/www.ambiente.gob.ec\/?p=24010"},"modified":"2015-01-16T12:04:20","modified_gmt":"2015-01-16T17:04:20","slug":"el-pras-capacita-a-policia-judicial-en-el-manejo-de-sistemas-de-informacion-geografica","status":"publish","type":"post","link":"https:\/\/www.ambienteyenergia.gob.ec\/ambiente\/el-pras-capacita-a-policia-judicial-en-el-manejo-de-sistemas-de-informacion-geografica\/","title":{"rendered":"El PRAS capacita a Polic\u00eda Judicial en el manejo de sistemas de informaci\u00f3n geogr\u00e1fica"},"content":{"rendered":"<p style=\"text-align: justify;\">El equipo de ge\u00f3grafos del Programa de Reparaci\u00f3n Ambiental y Social (PRAS) del Ministerio del Ambiente, realiz\u00f3 un taller te\u00f3rico \u2013 pr\u00e1ctico dirigido a 15 agentes del Departamento de Inteligencia Antidelincuencial de la Direcci\u00f3n Nacional de la Polic\u00eda Judicial e Investigaciones, que pertenecen al grupo que participa en los operativos para combatir la miner\u00eda ilegal en el Ecuador.<\/p>\n<p style=\"text-align: justify;\">En la capacitaci\u00f3n que se llev\u00f3 a cabo el 9 de enero, los t\u00e9cnicos del PRAS compartieron informaci\u00f3n relevante sobre el manejo del Sistema de Posicionamiento Global (GPS, por sus siglas en ingl\u00e9s). En la capacitaci\u00f3n tambi\u00e9n se abordaron temas relacionados con el levantamiento de informaci\u00f3n geogr\u00e1fica, lectura de cartas topogr\u00e1ficas, sistemas y transformaci\u00f3n de coordenadas y uso de software GPS m\u00f3vil para tel\u00e9fonos inteligentes.<\/p>\n<p style=\"text-align: justify;\">Pa\u00fal Sevilla -ge\u00f3grafo del PRAS que se desempe\u00f1\u00f3 como instructor en el taller- reflexion\u00f3 sobre la utilidad que tienen los sistemas de informaci\u00f3n geogr\u00e1fica en las actividades que realiza la Polic\u00eda Nacional como parte de las responsabilidades asignadas dentro de la Comisi\u00f3n Especial para el Control de la Miner\u00eda Ilegal (CECMI). A\u00f1adi\u00f3 adem\u00e1s que \u201cEl Ministerio del Ambiente, a trav\u00e9s del PRAS, siempre est\u00e1 dispuesto en colaborar con otras instituciones p\u00fablicas a favor del fortalecimiento de las capacidades, y m\u00e1s a\u00fan cuando el trabajo contribuye para la erradicaci\u00f3n de la miner\u00eda ilegal en el pa\u00eds\u201d.<\/p>\n<p style=\"text-align: justify;\">Por su parte, el Sargento Primero de Polic\u00eda Ower Cabrera, agradeci\u00f3 al PRAS \u201cpor brindar la apertura y las facilidades para aprender y resolver las inquietudes sobre el levantamiento de informaci\u00f3n geogr\u00e1fica, herramientas fundamentales a la hora de enfrentar los operativos de miner\u00eda ilegal\u201d.<\/p>\n<p style=\"text-align: justify;\">Despu\u00e9s de la charla te\u00f3rica, los agentes de la Polic\u00eda Judicial pusieron en pr\u00e1ctica los conocimientos adquiridos. Guiados por los ge\u00f3grafos del PRAS, realizaron varios ejercicios de levantamiento de coordenadas y lectura de planos cartogr\u00e1ficos en el Parque Metropolitano de Quito.<\/p>\n","protected":false},"excerpt":{"rendered":"<p class=\"excerpt\">El equipo de ge\u00f3grafos del Programa de Reparaci\u00f3n Ambiental y Social (PRAS) del Ministerio del Ambiente, realiz\u00f3 un taller te\u00f3rico \u2013 pr\u00e1ctico dirigido a 15 agentes del Departamento de Inteligencia Antidelincuencial de la Direcci\u00f3n Nacional de la Polic\u00eda Judicial e Investigaciones, que pertenecen al grupo que participa en los operativos para combatir la miner\u00eda ilegal en el Ecuador. En la&hellip; <a href=\"https:\/\/www.ambienteyenergia.gob.ec\/ambiente\/el-pras-capacita-a-policia-judicial-en-el-manejo-de-sistemas-de-informacion-geografica\/\">Read more &rarr;<\/a><\/p>\n","protected":false},"author":13,"featured_media":0,"comment_status":"open","ping_status":"open","sticky":false,"template":"","format":"standard","meta":{"footnotes":""},"categories":[16,4],"tags":[],"class_list":["post-24010","post","type-post","status-publish","format-standard","hentry","category-comunicamos","category-noticias","xfolkentry"],"_links":{"self":[{"href":"https:\/\/www.ambienteyenergia.gob.ec\/ambiente\/wp-json\/wp\/v2\/posts\/24010","targetHints":{"allow":["GET"]}}],"collection":[{"href":"https:\/\/www.ambienteyenergia.gob.ec\/ambiente\/wp-json\/wp\/v2\/posts"}],"about":[{"href":"https:\/\/www.ambienteyenergia.gob.ec\/ambiente\/wp-json\/wp\/v2\/types\/post"}],"author":[{"embeddable":true,"href":"https:\/\/www.ambienteyenergia.gob.ec\/ambiente\/wp-json\/wp\/v2\/users\/13"}],"replies":[{"embeddable":true,"href":"https:\/\/www.ambienteyenergia.gob.ec\/ambiente\/wp-json\/wp\/v2\/comments?post=24010"}],"version-history":[{"count":0,"href":"https:\/\/www.ambienteyenergia.gob.ec\/ambiente\/wp-json\/wp\/v2\/posts\/24010\/revisions"}],"wp:attachment":[{"href":"https:\/\/www.ambienteyenergia.gob.ec\/ambiente\/wp-json\/wp\/v2\/media?parent=24010"}],"wp:term":[{"taxonomy":"category","embeddable":true,"href":"https:\/\/www.ambienteyenergia.gob.ec\/ambiente\/wp-json\/wp\/v2\/categories?post=24010"},{"taxonomy":"post_tag","embeddable":true,"href":"https:\/\/www.ambienteyenergia.gob.ec\/ambiente\/wp-json\/wp\/v2\/tags?post=24010"}],"curies":[{"name":"wp","href":"https:\/\/api.w.org\/{rel}","templated":true}]}}