{"id":24008,"date":"2015-01-12T12:01:59","date_gmt":"2015-01-12T17:01:59","guid":{"rendered":"http:\/\/www.ambiente.gob.ec\/?p=24008"},"modified":"2015-01-16T12:02:54","modified_gmt":"2015-01-16T17:02:54","slug":"mae-participo-con-un-stand-informativo-en-el-enlace-ciudadano-no-406-realizado-en-colta","status":"publish","type":"post","link":"https:\/\/www.ambienteyenergia.gob.ec\/ambiente\/mae-participo-con-un-stand-informativo-en-el-enlace-ciudadano-no-406-realizado-en-colta\/","title":{"rendered":"MAE particip\u00f3 con un stand informativo en el Enlace Ciudadano No. 406 realizado en Colta"},"content":{"rendered":"<p style=\"text-align: justify;\">El Ministerio del Ambiente del Ecuador (MAE) a trav\u00e9s de la Direcci\u00f3n Provincial de Chimborazo particip\u00f3 con un stand informativo en la Feria del Enlace Ciudadano No. 406 el cual dirigi\u00f3 el vicepresidente de la Rep\u00fablica, Jorge Glas Espinel, desde la Plaza Orozco ubicada en el cant\u00f3n Colta, provincia de Chimborazo.<\/p>\n<p style=\"text-align: justify;\">El stand informativo acogi\u00f3 la visita de los ciudadanos del cant\u00f3n Colta y comunidades asentadas a su alrededor, quienes de forma did\u00e1ctica conocieron las actividades que se desarrollan en la provincia de Chimborazo, los sitios donde se localizan las guardian\u00edas y las acciones que ejecuta para conservar los ecosistemas naturales de las \u00c1reas Protegidas.<\/p>\n<p style=\"text-align: justify;\">Es as\u00ed que funcionarios del MAE expusieron sobre los programas que esta cartera de Estado lleva adelante en la provincia; como el Plan Nacional de Restauraci\u00f3n Forestal y Socio Bosque; adem\u00e1s de los resultados obtenidos en el Proyecto de Recuperaci\u00f3n y Manejo de la Laguna de Colta y \u00c1reas Protegidas, Parque Nacional Sangay y Reserva de Producci\u00f3n de Fauna Chimborazo.<\/p>\n<p style=\"text-align: justify;\">Adem\u00e1s se entreg\u00f3 incentivos a los ciudadanos que participaron en el stand del MAE; como pulseras, afiches, plegables, calendarios, 200 plantas nativas 350 muestras de Abono Org\u00e1nico, compuesto de sedimento y totora procesado de la laguna de Colta.<\/p>\n<p style=\"text-align: justify;\">De esta forma el Ministerio del Ambiente promueve la conciencia colectiva en los espacios ciudadanos, con el objetivo de informar a las personas la gesti\u00f3n y participaci\u00f3n gubernamental que mejoran la calidad de vida de los ciudadanos.<\/p>\n","protected":false},"excerpt":{"rendered":"<p class=\"excerpt\">El Ministerio del Ambiente del Ecuador (MAE) a trav\u00e9s de la Direcci\u00f3n Provincial de Chimborazo particip\u00f3 con un stand informativo en la Feria del Enlace Ciudadano No. 406 el cual dirigi\u00f3 el vicepresidente de la Rep\u00fablica, Jorge Glas Espinel, desde la Plaza Orozco ubicada en el cant\u00f3n Colta, provincia de Chimborazo. El stand informativo acogi\u00f3 la visita de los ciudadanos&hellip; <a href=\"https:\/\/www.ambienteyenergia.gob.ec\/ambiente\/mae-participo-con-un-stand-informativo-en-el-enlace-ciudadano-no-406-realizado-en-colta\/\">Read more &rarr;<\/a><\/p>\n","protected":false},"author":13,"featured_media":0,"comment_status":"open","ping_status":"open","sticky":false,"template":"","format":"standard","meta":{"footnotes":""},"categories":[16,4],"tags":[],"class_list":["post-24008","post","type-post","status-publish","format-standard","hentry","category-comunicamos","category-noticias","xfolkentry"],"_links":{"self":[{"href":"https:\/\/www.ambienteyenergia.gob.ec\/ambiente\/wp-json\/wp\/v2\/posts\/24008","targetHints":{"allow":["GET"]}}],"collection":[{"href":"https:\/\/www.ambienteyenergia.gob.ec\/ambiente\/wp-json\/wp\/v2\/posts"}],"about":[{"href":"https:\/\/www.ambienteyenergia.gob.ec\/ambiente\/wp-json\/wp\/v2\/types\/post"}],"author":[{"embeddable":true,"href":"https:\/\/www.ambienteyenergia.gob.ec\/ambiente\/wp-json\/wp\/v2\/users\/13"}],"replies":[{"embeddable":true,"href":"https:\/\/www.ambienteyenergia.gob.ec\/ambiente\/wp-json\/wp\/v2\/comments?post=24008"}],"version-history":[{"count":0,"href":"https:\/\/www.ambienteyenergia.gob.ec\/ambiente\/wp-json\/wp\/v2\/posts\/24008\/revisions"}],"wp:attachment":[{"href":"https:\/\/www.ambienteyenergia.gob.ec\/ambiente\/wp-json\/wp\/v2\/media?parent=24008"}],"wp:term":[{"taxonomy":"category","embeddable":true,"href":"https:\/\/www.ambienteyenergia.gob.ec\/ambiente\/wp-json\/wp\/v2\/categories?post=24008"},{"taxonomy":"post_tag","embeddable":true,"href":"https:\/\/www.ambienteyenergia.gob.ec\/ambiente\/wp-json\/wp\/v2\/tags?post=24008"}],"curies":[{"name":"wp","href":"https:\/\/api.w.org\/{rel}","templated":true}]}}