{"id":24006,"date":"2015-01-12T12:00:13","date_gmt":"2015-01-12T17:00:13","guid":{"rendered":"http:\/\/www.ambiente.gob.ec\/?p=24006"},"modified":"2015-01-16T12:01:26","modified_gmt":"2015-01-16T17:01:26","slug":"mae-trabaja-conjuntamente-con-la-comunidad-de-ibarra-para-proteger-al-cedro","status":"publish","type":"post","link":"https:\/\/www.ambienteyenergia.gob.ec\/ambiente\/mae-trabaja-conjuntamente-con-la-comunidad-de-ibarra-para-proteger-al-cedro\/","title":{"rendered":"MAE trabaja conjuntamente con la comunidad de Ibarra para proteger al cedro"},"content":{"rendered":"<p style=\"text-align: justify;\">El Ministerio del Ambiente del Ecuador (MAE) a trav\u00e9s de la Direcci\u00f3n Provincial del Ambiente de Imbabura, mantuvo reuniones con diferentes grupos de artesanos de la Parroquia de San Antonio de la Ciudad de Ibarra, con el fin de informarles sobre las propuestas de Gesti\u00f3n Social del Bosque, que beneficia a artesanos y peque\u00f1os productores de madera del Ecuador.<\/p>\n<p style=\"text-align: justify;\">Las reuniones se realizaron el pasado 6 y 7 de enero en las instalaciones de la Junta Parroquial, con la participaci\u00f3n de la Asociaci\u00f3n Interprofesional de Artesanos de San Antonio de Ibarra, Asociaci\u00f3n Francisco Calder\u00f3n, Asociaci\u00f3n Tamia Huarmi, Coordinaci\u00f3n Artesanos, Presidente de la GAD parroquial de San Antonio y la comisi\u00f3n t\u00e9cnica de artesanos.<\/p>\n<p style=\"text-align: justify;\">El objetivo primordial es dar a conocer sobre los avances de las propuestas impulsadas por el MAE en relaci\u00f3n a la especie forestal de cedro que es la materia prima de los artesanos; indicando as\u00ed algunas alternativas para el manejo de esta especie que beneficie tanto a los artesanos como a productores y al medio ambiente.<\/p>\n<p style=\"text-align: justify;\">El primer paso ser\u00e1 la realizaci\u00f3n de un censo en donde se determine con exactitud la demanda de madera de cedro que existe en la Parroquia de San Antonio y que es utilizada para la elaboraci\u00f3n de artesan\u00edas; dicho censo se llevar\u00e1 a cabo a finales del mes de enero del presente a\u00f1o.<\/p>\n<p style=\"text-align: justify;\">Al mismo tiempo se propone realizar salidas de campo con la finalidad de tener un inventario de residuos de madera que podr\u00edan ser aprovechados en el uso de otro tipo de artesan\u00edas.<\/p>\n<p style=\"text-align: justify;\">Por su parte, los artesanos de la Parroquia de San Antonio de Ibarra se encuentran de acuerdo con los proyectos a realizar y se comprometen a colaborar con el trabajo del Ministerio del Ambiente en cuanto a la protecci\u00f3n de los ecosistemas.<\/p>\n","protected":false},"excerpt":{"rendered":"<p class=\"excerpt\">El Ministerio del Ambiente del Ecuador (MAE) a trav\u00e9s de la Direcci\u00f3n Provincial del Ambiente de Imbabura, mantuvo reuniones con diferentes grupos de artesanos de la Parroquia de San Antonio de la Ciudad de Ibarra, con el fin de informarles sobre las propuestas de Gesti\u00f3n Social del Bosque, que beneficia a artesanos y peque\u00f1os productores de madera del Ecuador. Las&hellip; <a href=\"https:\/\/www.ambienteyenergia.gob.ec\/ambiente\/mae-trabaja-conjuntamente-con-la-comunidad-de-ibarra-para-proteger-al-cedro\/\">Read more &rarr;<\/a><\/p>\n","protected":false},"author":13,"featured_media":0,"comment_status":"open","ping_status":"open","sticky":false,"template":"","format":"standard","meta":{"footnotes":""},"categories":[16,4],"tags":[],"class_list":["post-24006","post","type-post","status-publish","format-standard","hentry","category-comunicamos","category-noticias","xfolkentry"],"_links":{"self":[{"href":"https:\/\/www.ambienteyenergia.gob.ec\/ambiente\/wp-json\/wp\/v2\/posts\/24006","targetHints":{"allow":["GET"]}}],"collection":[{"href":"https:\/\/www.ambienteyenergia.gob.ec\/ambiente\/wp-json\/wp\/v2\/posts"}],"about":[{"href":"https:\/\/www.ambienteyenergia.gob.ec\/ambiente\/wp-json\/wp\/v2\/types\/post"}],"author":[{"embeddable":true,"href":"https:\/\/www.ambienteyenergia.gob.ec\/ambiente\/wp-json\/wp\/v2\/users\/13"}],"replies":[{"embeddable":true,"href":"https:\/\/www.ambienteyenergia.gob.ec\/ambiente\/wp-json\/wp\/v2\/comments?post=24006"}],"version-history":[{"count":0,"href":"https:\/\/www.ambienteyenergia.gob.ec\/ambiente\/wp-json\/wp\/v2\/posts\/24006\/revisions"}],"wp:attachment":[{"href":"https:\/\/www.ambienteyenergia.gob.ec\/ambiente\/wp-json\/wp\/v2\/media?parent=24006"}],"wp:term":[{"taxonomy":"category","embeddable":true,"href":"https:\/\/www.ambienteyenergia.gob.ec\/ambiente\/wp-json\/wp\/v2\/categories?post=24006"},{"taxonomy":"post_tag","embeddable":true,"href":"https:\/\/www.ambienteyenergia.gob.ec\/ambiente\/wp-json\/wp\/v2\/tags?post=24006"}],"curies":[{"name":"wp","href":"https:\/\/api.w.org\/{rel}","templated":true}]}}