{"id":24003,"date":"2015-01-15T23:32:18","date_gmt":"2015-01-16T04:32:18","guid":{"rendered":"http:\/\/www.ambiente.gob.ec\/?p=24003"},"modified":"2015-01-16T15:54:43","modified_gmt":"2015-01-16T20:54:43","slug":"ocho-anos-de-revolucion-ciudadana-un-dia-historico-que-celebra-el-pais","status":"publish","type":"post","link":"https:\/\/www.ambienteyenergia.gob.ec\/ambiente\/ocho-anos-de-revolucion-ciudadana-un-dia-historico-que-celebra-el-pais\/","title":{"rendered":"Ocho a\u00f1os de Revoluci\u00f3n Ciudadana, un d\u00eda hist\u00f3rico que celebra el pa\u00eds"},"content":{"rendered":"<p style=\"text-align: justify;\">\u201cEcuador paso de ser un pa\u00eds de los imposibles a ser un pa\u00eds del desarrollo integral de todos los sectores de la sociedad, gracias al apoyo ciudadano que manifiesta su compromiso por este pa\u00eds de grandes aspiraciones\u201d. Con estas palabras el Presidente de la Rep\u00fablica, Rafael Correa, dio inicio al evento oficial en conmemoraci\u00f3n de los ocho a\u00f1os de la Revoluci\u00f3n Ciudadana.<\/p>\n<p style=\"text-align: justify;\">Yachay fue el escenario en el que el primer mandatario, junto a sus ministros de Estado particip\u00f3 de diferentes actividades en el marco de la celebraci\u00f3n de los ocho a\u00f1os de grandes cambios para el pa\u00eds.<\/p>\n<p style=\"text-align: justify;\">Correa mencion\u00f3 en su discurso que Ecuador es reconocido mundialmente por sus logros en materia de desarrollo social, innovaci\u00f3n tecnol\u00f3gica, iniciativas ambientales y equidad social, valores que demuestran que el progreso es alcanzable si se lo piensa desde una perspectiva m\u00e1s humana y no de mercado.<\/p>\n<p style=\"text-align: justify;\">\u201cSomos actores solidarios en el mundo. Hemos demostrado que es necesario implementar pol\u00edticas internacionales, de cumplimiento mutuo, pues es ah\u00ed donde se generan las oportunidades de desarrollo para los pa\u00edses mal llamados peque\u00f1os, que como el Ecuador son capaces de ser referentes mundiales en tan corto tiempo\u201d, reconoci\u00f3 el primer mandatario.<\/p>\n<p style=\"text-align: justify;\">Miles de personas participaron de esta celebraci\u00f3n Nacional que reconoce los valores que esta Administraci\u00f3n ha impulsado en el pa\u00eds con la finalidad de eliminar las brechas de desigualdad que se acentuaron a\u00f1o tras a\u00f1os por\u00a0la negligencia de los anteriores Gobiernos, que sacrificaron\u00a0el bienestar ciudadano a cambio del colonialismo neoliberal.<\/p>\n<p style=\"text-align: justify;\">El Gobierno Nacional ha\u00a0fomentado\u00a0el desarrollo de iniciativas emblem\u00e1ticas como los grandes proyectos educativos, con cuatro universidades a nivel nacional y cientos de escuelas y colegios del milenio; remodelaci\u00f3n, ampliaci\u00f3n y construcci\u00f3n de centros m\u00e9dicos; construcci\u00f3n de grandes centrales hidroel\u00e9ctricas, m\u00e1s de 700 proyectos viales a nivel nacional, entre otros proyectos que sit\u00faan al Ecuador como un modelo de desarrollo sostenible.<\/p>\n<p style=\"text-align: justify;\">\u201cEcuador ya cambi\u00f3. No debemos permitir que nos arrebaten este sue\u00f1o que lo hemos hecho realidad gracias al apoyo de todos los ecuatorianos que somos parte de este nuevo Ecuador Revolucionario\u201d, finaliz\u00f3 su intervenci\u00f3n el Presidente Rafael Correa.<\/p>\n<p style=\"text-align: justify;\"><strong>Inauguraci\u00f3n del tramo f\u00e9rreo Otavalo &#8211; Ibarra<\/strong><\/p>\n<p style=\"text-align: justify;\">En el marco de la celebraci\u00f3n de los ocho a\u00f1os de la Revoluci\u00f3n Ciudadana, la Ministra del Ambiente, Lorena Tapia N\u00fa\u00f1ez, al igual que otras autoridades, acompa\u00f1\u00f3 al Presidente de la Rep\u00fablica en la Inauguraci\u00f3n de la ruta rehabilitada del tren que va desde Otavalo hasta Ibarra, completando el proyecto de las cuatro estaciones de la ruta llamada \u201cTren de la Libertad\u201d que incluye el tramo Salinas \u2013 Ibarra, misma que ya se encontraba operativo.<\/p>\n<p style=\"text-align: justify;\">En la plaza central de la estaci\u00f3n Andrade Mar\u00edn las autoridades almorzaron junto con moradores del lugar antes de seguir el recorrido en tren hasta Ibarra.<\/p>\n<p style=\"text-align: justify;\"><strong>Feria de Conocimiento e innovaci\u00f3n Innopolis<\/strong><\/p>\n<p style=\"text-align: justify;\">El Ministerio del Ambiente participa en la feria de innovaci\u00f3n y emprendimiento Innopolis, la cual fue inaugurada el d\u00eda de hoy y concluir\u00e1 el domingo.<\/p>\n<p style=\"text-align: justify;\">En este espacio la ciudadan\u00eda conocer\u00e1 m\u00e1s detalles sobre la gesti\u00f3n que realiza el MAE\u00a0en temas como Desechos S\u00f3lidos, Control Forestal, c\u00e1lculo de la Huella Ecol\u00f3gica y el Sistema \u00danico de Informaci\u00f3n Ambiental y dem\u00e1s programas y proyectos que tienen objetivos claros para lograr un Ecuador Verde.<\/p>\n<p style=\"text-align: justify;\">Adem\u00e1s los visitantes pueden visitar las exposiciones de ciencia y tecnolog\u00eda de varios proyectos destacados de universidades, institutos p\u00fablicos de investigaci\u00f3n, empresas p\u00fablicas y privadas relacionadas con biodiversidad, salud, geof\u00edsica, geoqu\u00edmica, energ\u00eda renovable, eficiencia energ\u00e9tica, inform\u00e1tica, entre otros.\/ds-ec<\/p>\n<p>&nbsp;<\/p>\n<p>&nbsp;<\/p>\n<p>&nbsp;<\/p>\n","protected":false},"excerpt":{"rendered":"<p class=\"excerpt\">\u201cEcuador paso de ser un pa\u00eds de los imposibles a ser un pa\u00eds del desarrollo integral de todos los sectores de la sociedad, gracias al apoyo ciudadano que manifiesta su compromiso por este pa\u00eds de grandes aspiraciones\u201d. Con estas palabras el Presidente de la Rep\u00fablica, Rafael Correa, dio inicio al evento oficial en conmemoraci\u00f3n de los ocho a\u00f1os de la&hellip; <a href=\"https:\/\/www.ambienteyenergia.gob.ec\/ambiente\/ocho-anos-de-revolucion-ciudadana-un-dia-historico-que-celebra-el-pais\/\">Read more &rarr;<\/a><\/p>\n","protected":false},"author":13,"featured_media":0,"comment_status":"open","ping_status":"open","sticky":false,"template":"","format":"standard","meta":{"footnotes":""},"categories":[16,4],"tags":[387],"class_list":["post-24003","post","type-post","status-publish","format-standard","hentry","category-comunicamos","category-noticias","tag-mae-lorena-tapia","xfolkentry"],"_links":{"self":[{"href":"https:\/\/www.ambienteyenergia.gob.ec\/ambiente\/wp-json\/wp\/v2\/posts\/24003","targetHints":{"allow":["GET"]}}],"collection":[{"href":"https:\/\/www.ambienteyenergia.gob.ec\/ambiente\/wp-json\/wp\/v2\/posts"}],"about":[{"href":"https:\/\/www.ambienteyenergia.gob.ec\/ambiente\/wp-json\/wp\/v2\/types\/post"}],"author":[{"embeddable":true,"href":"https:\/\/www.ambienteyenergia.gob.ec\/ambiente\/wp-json\/wp\/v2\/users\/13"}],"replies":[{"embeddable":true,"href":"https:\/\/www.ambienteyenergia.gob.ec\/ambiente\/wp-json\/wp\/v2\/comments?post=24003"}],"version-history":[{"count":0,"href":"https:\/\/www.ambienteyenergia.gob.ec\/ambiente\/wp-json\/wp\/v2\/posts\/24003\/revisions"}],"wp:attachment":[{"href":"https:\/\/www.ambienteyenergia.gob.ec\/ambiente\/wp-json\/wp\/v2\/media?parent=24003"}],"wp:term":[{"taxonomy":"category","embeddable":true,"href":"https:\/\/www.ambienteyenergia.gob.ec\/ambiente\/wp-json\/wp\/v2\/categories?post=24003"},{"taxonomy":"post_tag","embeddable":true,"href":"https:\/\/www.ambienteyenergia.gob.ec\/ambiente\/wp-json\/wp\/v2\/tags?post=24003"}],"curies":[{"name":"wp","href":"https:\/\/api.w.org\/{rel}","templated":true}]}}