{"id":24000,"date":"2015-01-15T14:43:45","date_gmt":"2015-01-15T19:43:45","guid":{"rendered":"http:\/\/www.ambiente.gob.ec\/?p=24000"},"modified":"2015-01-15T15:00:37","modified_gmt":"2015-01-15T20:00:37","slug":"micse-presento-resultados-de-politicas-sociales","status":"publish","type":"post","link":"https:\/\/www.ambienteyenergia.gob.ec\/ambiente\/micse-presento-resultados-de-politicas-sociales\/","title":{"rendered":"MICSE present\u00f3 resultados de pol\u00edticas sociales"},"content":{"rendered":"<p align=\"JUSTIFY\"><span style=\"font-family: Cambria, serif;\"><span style=\"font-size: medium;\"><span lang=\"es-EC\">El Ministro Coordinador de Sectores Estrat\u00e9gicos, Rafael Poveda Bonilla, present\u00f3 <\/span><\/span><\/span><span style=\"font-family: Cambria, serif;\"><span style=\"font-size: medium;\"><span lang=\"es-EC\">ayer los Resultados de<\/span><\/span><\/span><span style=\"font-family: Cambria, serif;\"><span style=\"font-size: medium;\"><span lang=\"es-EC\"> la Gesti\u00f3n de Pol\u00edtica Social <\/span><\/span><\/span><span style=\"font-family: Cambria, serif;\"><span style=\"font-size: medium;\"><span lang=\"es-EC\">de <\/span><\/span><\/span><span style=\"font-family: Cambria, serif;\"><span style=\"font-size: medium;\"><span lang=\"es-EC\">Sectores Estrat\u00e9gicos. El acto cont\u00f3 con la presencia de la segunda vicepresidenta de la Asamblea Nacional, Marcela Agui\u00f1aga; los ministros de Telecomunicaciones y Sociedad de la Informaci\u00f3n, Augusto Esp\u00edn; del Ambiente, Lorena Tapia; de Electricidad y Energ\u00edas Renovables, Esteban Albornoz; del Secretario del Agua, Walter Sol\u00eds y delegados de las comunidades, entre otros invitados.<\/span><\/span><\/span><\/p>\n<p lang=\"es-EC\" align=\"JUSTIFY\"><span style=\"font-family: Cambria, serif;\"><span style=\"font-size: medium;\"><span lang=\"es-EC\">El ministro resalt\u00f3 que el Gobierno Nacional ha invertido m\u00e1s de 1 200 millones de d\u00f3lares en obras de infraestructura en los sectores <\/span><\/span><\/span><span style=\"font-family: Cambria, serif;\"><span style=\"font-size: medium;\"><span lang=\"es-EC\">de <\/span><\/span><\/span><span style=\"font-family: Cambria, serif;\"><span style=\"font-size: medium;\"><span lang=\"es-EC\">salud, educaci\u00f3n, vialidad, productividad <\/span><\/span><\/span><span style=\"font-family: Cambria, serif;\"><span style=\"font-size: medium;\"><span lang=\"es-EC\">beneficiando a las<\/span><\/span><\/span><span style=\"font-family: Cambria, serif;\"><span style=\"font-size: medium;\"><span lang=\"es-EC\"> comunidades en donde se desarrollan proyectos estrat\u00e9gicos.<\/span><\/span><\/span><\/p>\n<p lang=\"es-EC\" align=\"JUSTIFY\">Poveda record\u00f3 que la visi\u00f3n de este Gobierno es \u201cplanificar la eficiencia en el uso de los recursos naturales, con el objetivo de que sean un servicio para los 15 millones de ecuatorianos y no para el beneficio de unos pocos acostumbrados a vivir a costa de todos y todas\u201d.<\/p>\n<p lang=\"es-EC\" align=\"JUSTIFY\">A\u00f1adi\u00f3, adem\u00e1s, que las reformas impulsadas a la Ley de Hidrocarburos, desde el 2010, lograron consolidar un cambio en la pol\u00edtica social sobre el uso de los recursos petroleros para destinaros a proyectos de desarrollo del Buen Vivir.<\/p>\n<p lang=\"es-EC\" align=\"JUSTIFY\"><span style=\"font-family: Cambria, serif;\"><span style=\"font-size: medium;\"><span lang=\"es-EC\">\u00abEcuador reivindica los derechos de las comunidades cercanas a proyectos estrat\u00e9gicos que fueron olvidadas por d\u00e9cadas, estableciendo que el 12% de las utilidades y excedentes petroleros deben quedarse prioritariamente en estas zonas, <\/span><\/span><\/span><span style=\"font-family: Cambria, serif;\"><span style=\"font-size: medium;\"><span lang=\"es-EC\">a trav\u00e9s de la ejecuci\u00f3n de<\/span><\/span><\/span><span style=\"font-family: Cambria, serif;\"><span style=\"font-size: medium;\"><span lang=\"es-EC\"> comunidades del milenio, programas de desarrollo social, iniciativas productivas, entre otros\u00bb, coment\u00f3 Poveda.<\/span><\/span><\/span><\/p>\n<p lang=\"es-EC\" align=\"JUSTIFY\"><span style=\"font-family: Cambria, serif;\"><span style=\"font-size: medium;\"><span lang=\"es-EC\">La Ley de Miner\u00eda y la Ley Org\u00e1nica del Servicio P\u00fablico de Energ\u00eda El\u00e9ctrica, constituyen un referente regional y mundial del aprovechamiento de los recursos naturales al servicio de los ciudadanos del pa\u00eds.\/<\/span><\/span><\/span><span style=\"font-family: Cambria, serif;\"><span style=\"font-size: medium;\"><span lang=\"es-EC\">ds<\/span><\/span><\/span><\/p>\n","protected":false},"excerpt":{"rendered":"<p class=\"excerpt\">El Ministro Coordinador de Sectores Estrat\u00e9gicos, Rafael Poveda Bonilla, present\u00f3 ayer los Resultados de la Gesti\u00f3n de Pol\u00edtica Social de Sectores Estrat\u00e9gicos. El acto cont\u00f3 con la presencia de la segunda vicepresidenta de la Asamblea Nacional, Marcela Agui\u00f1aga; los ministros de Telecomunicaciones y Sociedad de la Informaci\u00f3n, Augusto Esp\u00edn; del Ambiente, Lorena Tapia; de Electricidad y Energ\u00edas Renovables, Esteban Albornoz;&hellip; <a href=\"https:\/\/www.ambienteyenergia.gob.ec\/ambiente\/micse-presento-resultados-de-politicas-sociales\/\">Read more &rarr;<\/a><\/p>\n","protected":false},"author":13,"featured_media":0,"comment_status":"open","ping_status":"open","sticky":false,"template":"","format":"standard","meta":{"footnotes":""},"categories":[16,4],"tags":[532,108,53,550,633,634,631],"class_list":["post-24000","post","type-post","status-publish","format-standard","hentry","category-comunicamos","category-noticias","tag-buen-vivir","tag-lorena-tapia","tag-mae","tag-micse","tag-politicas-sociales","tag-responsabilidad-social","tag-resultados","xfolkentry"],"_links":{"self":[{"href":"https:\/\/www.ambienteyenergia.gob.ec\/ambiente\/wp-json\/wp\/v2\/posts\/24000","targetHints":{"allow":["GET"]}}],"collection":[{"href":"https:\/\/www.ambienteyenergia.gob.ec\/ambiente\/wp-json\/wp\/v2\/posts"}],"about":[{"href":"https:\/\/www.ambienteyenergia.gob.ec\/ambiente\/wp-json\/wp\/v2\/types\/post"}],"author":[{"embeddable":true,"href":"https:\/\/www.ambienteyenergia.gob.ec\/ambiente\/wp-json\/wp\/v2\/users\/13"}],"replies":[{"embeddable":true,"href":"https:\/\/www.ambienteyenergia.gob.ec\/ambiente\/wp-json\/wp\/v2\/comments?post=24000"}],"version-history":[{"count":0,"href":"https:\/\/www.ambienteyenergia.gob.ec\/ambiente\/wp-json\/wp\/v2\/posts\/24000\/revisions"}],"wp:attachment":[{"href":"https:\/\/www.ambienteyenergia.gob.ec\/ambiente\/wp-json\/wp\/v2\/media?parent=24000"}],"wp:term":[{"taxonomy":"category","embeddable":true,"href":"https:\/\/www.ambienteyenergia.gob.ec\/ambiente\/wp-json\/wp\/v2\/categories?post=24000"},{"taxonomy":"post_tag","embeddable":true,"href":"https:\/\/www.ambienteyenergia.gob.ec\/ambiente\/wp-json\/wp\/v2\/tags?post=24000"}],"curies":[{"name":"wp","href":"https:\/\/api.w.org\/{rel}","templated":true}]}}