{"id":23996,"date":"2015-01-14T12:07:31","date_gmt":"2015-01-14T17:07:31","guid":{"rendered":"http:\/\/www.ambiente.gob.ec\/?p=23996"},"modified":"2015-01-26T12:00:41","modified_gmt":"2015-01-26T17:00:41","slug":"25-923-personas-se-beneficiaron-con-el-proyecto-de-adaptacion-al-cambio-climatico-en-2014","status":"publish","type":"post","link":"https:\/\/www.ambienteyenergia.gob.ec\/ambiente\/25-923-personas-se-beneficiaron-con-el-proyecto-de-adaptacion-al-cambio-climatico-en-2014\/","title":{"rendered":"25 923 personas se beneficiaron con Proyectos de Adaptaci\u00f3n al Cambio Clim\u00e1tico en 2014"},"content":{"rendered":"<p align=\"JUSTIFY\"><span style=\"font-family: Calibri, sans-serif;\"><span style=\"font-size: medium;\"><span style=\"color: #000000;\"><span lang=\"es-EC\">El Ministerio del Ambiente de Ecuador (MAE), a trav\u00e9s de la Subsecretar\u00eda de Cambio Clim\u00e1tico, en el a\u00f1o 2014 ejecut\u00f3 diferentes proyectos a nivel nacional, con el objetivo minimizar los efectos del cambio clim\u00e1tico por medio de la aplicaci\u00f3n de mecanismos de adaptaci\u00f3n y mitigaci\u00f3n a este fen\u00f3meno.<\/span><\/span><\/span><\/span><\/p>\n<p align=\"JUSTIFY\"><span style=\"font-family: Calibri, sans-serif;\"><span style=\"font-size: medium;\"><span style=\"color: #000000;\"><span lang=\"es-EC\">Una de las estrategias para lograr una efectiva aplicaci\u00f3n de las medidas de adaptaci\u00f3n al cambio clim\u00e1tico fue el financiamiento comunitario (IFCACC) que ha beneficiado a 116 comunidades distribuidas en Azuay: 46 comunidades; Azogues: 5 comunidades; Loja: 37 comunidades; Manab\u00ed 10 comunidades; Morona Santiago: 2 comunidades; Bol\u00edvar\/Los R\u00edos: 6 comunidades y El Oro: 10 comunidades.<\/span><\/span><\/span><\/span><\/p>\n<p align=\"JUSTIFY\"><span style=\"font-family: Calibri, sans-serif;\"><span style=\"font-size: medium;\"><span style=\"color: #000000;\"><span lang=\"es-EC\">Cerca del 90% de estas comunidades ejecutan planes para el ahorro de agua y de gesti\u00f3n integrada de cuencas hidrogr\u00e1ficas con un total aproximado de 22 224 personas beneficiadas de manera directa.<\/span><\/span><\/span><\/span><\/p>\n<p align=\"JUSTIFY\"><span style=\"font-family: Calibri, sans-serif;\"><span style=\"font-size: medium;\"><span style=\"color: #000000;\"><span lang=\"es-EC\">Entre los logros alcanzados por este programa se incluye la implementaci\u00f3n de sistemas de almacenamiento de agua (albarradas, reservorios) para disminuir el riesgo de las comunidades frente a eventos de sequ\u00eda o escasez de agua, a m\u00e1s de desarrollar actividades de reforestaci\u00f3n para proteger las fuentes h\u00eddricas o las microcuencas.<\/span><\/span><\/span><\/span><\/p>\n<p align=\"JUSTIFY\"><span style=\"font-family: Calibri, sans-serif;\"><span style=\"font-size: medium;\"><span style=\"color: #000000;\"><span lang=\"es-EC\">Por otro lado, el MAE contribuy\u00f3 con la generaci\u00f3n de Buenas Pr\u00e1cticas del Sistema Pecuario con la implementaci\u00f3n de T\u00e9cnicas Alternativas de Agroforester\u00eda, Forester\u00eda An\u00e1loga, Huertos e Invernaderos, por medio de la aplicaci\u00f3n del Sistema de informaci\u00f3n y monitoreo para la evaluaci\u00f3n de la disponibilidad de agua y la evoluci\u00f3n de los impactos asociados al cambio clim\u00e1tico<\/span><\/span><\/span><\/span><\/p>\n<p align=\"JUSTIFY\"><span style=\"font-family: Calibri, sans-serif;\"><span style=\"font-size: medium;\"><span style=\"color: #000000;\"><span lang=\"es-EC\">Adem\u00e1s la Subsecretar\u00eda de Cambio Clim\u00e1tico, a trav\u00e9s de FORECCSA aprob\u00f3 ocho medidas de adaptaci\u00f3n para la cuenca del r\u00edo Jubones, siete de ellas han empezado a implementarse; dos medidas de adaptaci\u00f3n para la provincia de Pichincha; adem\u00e1s desarrollaran 37 talleres de sensibilizaci\u00f3n en la cuenca del r\u00edo Jubones, beneficiando aproximadamente a 3 699 personas, y creaci\u00f3n de microprogramas radiales sobre cambio clim\u00e1tico y seguridad aliment<\/span><\/span><span style=\"color: #000000;\"><span lang=\"es-EC\">aria, que se difundieron en seis radios que cubren toda la cuenca del r\u00edo Jubones.<\/span><\/span><\/span><\/span><\/p>\n<p align=\"JUSTIFY\"><span style=\"font-family: Calibri, sans-serif;\"><span style=\"font-size: medium;\"><span style=\"color: #000000;\"><span lang=\"es-EC\">La Direcci\u00f3n Nacional de Adaptaci\u00f3n al Cambio Clim\u00e1tico logr\u00f3 el fortalecimiento de capacidades y realiz\u00f3 acompa\u00f1amiento a los Gobiernos Aut\u00f3nomos Descentralizados para la incorporaci\u00f3n de criterios de cambio clim\u00e1tico dentro de sus Planes de Desarrollo y Ordenamiento Territorial (PDOT), beneficiando de esta manera a las comunidades de las provincias de Azuay, Azogues, Ca\u00f1ar, Cotopaxi, Tungurahua, Loja, Esmeraldas, Manab\u00ed, Morona Santiago, Bol\u00edvar, Los R\u00edos, El Oro, Napo, Pastaza, Pichincha, Guayas.<\/span><\/span><\/span><\/span><\/p>\n<p align=\"JUSTIFY\"><span style=\"font-family: Calibri, sans-serif;\"><span style=\"font-size: medium;\"><span style=\"color: #000000;\"><span lang=\"es-EC\">En el a\u00f1o 2014, el MAE logr\u00f3 implementar de forma exitosa programas de adaptaci\u00f3n al cambio clim\u00e1tico con el objetivo de contribuir al desarrollo sostenible de las comunidades m\u00e1s afectadas por los efectos de este fen\u00f3meno mundial, por medio de la aplicaci\u00f3n transversal de buenas pr\u00e1cticas ambientales, planes de adaptabilidad y fomento local para alcanzar un Ecuador Verde.\/ds<\/span><\/span><\/span><\/span><\/p>\n","protected":false},"excerpt":{"rendered":"<p class=\"excerpt\">El Ministerio del Ambiente de Ecuador (MAE), a trav\u00e9s de la Subsecretar\u00eda de Cambio Clim\u00e1tico, en el a\u00f1o 2014 ejecut\u00f3 diferentes proyectos a nivel nacional, con el objetivo minimizar los efectos del cambio clim\u00e1tico por medio de la aplicaci\u00f3n de mecanismos de adaptaci\u00f3n y mitigaci\u00f3n a este fen\u00f3meno. Una de las estrategias para lograr una efectiva aplicaci\u00f3n de las medidas&hellip; <a href=\"https:\/\/www.ambienteyenergia.gob.ec\/ambiente\/25-923-personas-se-beneficiaron-con-el-proyecto-de-adaptacion-al-cambio-climatico-en-2014\/\">Read more &rarr;<\/a><\/p>\n","protected":false},"author":13,"featured_media":0,"comment_status":"open","ping_status":"open","sticky":false,"template":"","format":"standard","meta":{"footnotes":""},"categories":[16,4],"tags":[632,630,133,108,53,631],"class_list":["post-23996","post","type-post","status-publish","format-standard","hentry","category-comunicamos","category-noticias","tag-632","tag-adaptabilidad","tag-cambio-climatico","tag-lorena-tapia","tag-mae","tag-resultados","xfolkentry"],"_links":{"self":[{"href":"https:\/\/www.ambienteyenergia.gob.ec\/ambiente\/wp-json\/wp\/v2\/posts\/23996","targetHints":{"allow":["GET"]}}],"collection":[{"href":"https:\/\/www.ambienteyenergia.gob.ec\/ambiente\/wp-json\/wp\/v2\/posts"}],"about":[{"href":"https:\/\/www.ambienteyenergia.gob.ec\/ambiente\/wp-json\/wp\/v2\/types\/post"}],"author":[{"embeddable":true,"href":"https:\/\/www.ambienteyenergia.gob.ec\/ambiente\/wp-json\/wp\/v2\/users\/13"}],"replies":[{"embeddable":true,"href":"https:\/\/www.ambienteyenergia.gob.ec\/ambiente\/wp-json\/wp\/v2\/comments?post=23996"}],"version-history":[{"count":0,"href":"https:\/\/www.ambienteyenergia.gob.ec\/ambiente\/wp-json\/wp\/v2\/posts\/23996\/revisions"}],"wp:attachment":[{"href":"https:\/\/www.ambienteyenergia.gob.ec\/ambiente\/wp-json\/wp\/v2\/media?parent=23996"}],"wp:term":[{"taxonomy":"category","embeddable":true,"href":"https:\/\/www.ambienteyenergia.gob.ec\/ambiente\/wp-json\/wp\/v2\/categories?post=23996"},{"taxonomy":"post_tag","embeddable":true,"href":"https:\/\/www.ambienteyenergia.gob.ec\/ambiente\/wp-json\/wp\/v2\/tags?post=23996"}],"curies":[{"name":"wp","href":"https:\/\/api.w.org\/{rel}","templated":true}]}}