{"id":23983,"date":"2015-01-13T14:56:49","date_gmt":"2015-01-13T19:56:49","guid":{"rendered":"http:\/\/www.ambiente.gob.ec\/?p=23983"},"modified":"2015-01-13T15:36:03","modified_gmt":"2015-01-13T20:36:03","slug":"mae-capacita-a-ninos-y-jovenes-en-temas-ambientales","status":"publish","type":"post","link":"https:\/\/www.ambienteyenergia.gob.ec\/ambiente\/mae-capacita-a-ninos-y-jovenes-en-temas-ambientales\/","title":{"rendered":"MAE capacita a ni\u00f1os y j\u00f3venes en temas ambientales"},"content":{"rendered":"<p align=\"JUSTIFY\"><span style=\"font-family: Calibri, sans-serif;\"><span style=\"font-size: medium;\"><span lang=\"es-EC\">Con el objetivo de crear conciencia en los ni\u00f1os, ni\u00f1as y j\u00f3venes, desde el inicio del periodo escolar 2014 \u2013 2015, el Ministerio de Ambiente de Ecuador (MAE), a trav\u00e9s de su Direcci\u00f3n Provincial de Manab\u00ed y del Refugio de Vida Silvestre y Marino Costera Pacoche ha desarrollado charlas de educaci\u00f3n ambiental en centros educativos de la zona.<\/span><\/span><\/span><\/p>\n<p align=\"JUSTIFY\"><span style=\"font-family: Calibri, sans-serif;\"><span style=\"font-size: medium;\"><span lang=\"es-EC\">\u00c1ngelo Traverso, director provincial del MAE inform\u00f3 que los estudiantes de 16 centros educativos y 12 comunidades de la zona de amortiguamiento del refugio, en los cantones Manta y Montecristi, han sido capacitados en temas ambientales.<\/span><\/span><\/span><\/p>\n<p align=\"JUSTIFY\"><span style=\"font-family: Calibri, sans-serif;\"><span style=\"font-size: medium;\"><span lang=\"es-EC\">Los alumnos capacitados reforzaron conocimientos sobre biodiversidad y buenas pr\u00e1cticas ambientales que contribuyen a la protecci\u00f3n del ecosistema con la finalidad de lograr un cambio de actitud frente al cuidado del planeta, a trav\u00e9s de la participaci\u00f3n directa de docentes, estudiantes y comunidad en general.<\/span><\/span><\/span><\/p>\n<p align=\"JUSTIFY\"><span style=\"font-family: Calibri, sans-serif;\"><span style=\"font-size: medium;\"><span lang=\"es-EC\">Adem\u00e1s, por medio de juegos l\u00fadicos, los estudiantes conocieron sobre la campa\u00f1a de las 3R (recicla, reusa y reduce) iniciativa del MAE que busca contribuir al consumo responsable de bienes y servicios, con el objetivo de disminuir la huella de carbono de todos los ecuatorianos.<\/span><\/span><\/span><\/p>\n<p align=\"JUSTIFY\"><span style=\"font-family: Calibri, sans-serif;\"><span style=\"font-size: medium;\"><span lang=\"es-EC\">Educaci\u00f3n Ambiental es una iniciativa del Ministerio del Ambiente que busca contribuir a la protecci\u00f3n del Ecuador Verde bajo el lema m\u00e1s gente que conoce es m\u00e1s gente que protege.\/jb-ds<\/span><\/span><\/span><\/p>\n","protected":false},"excerpt":{"rendered":"<p class=\"excerpt\">Con el objetivo de crear conciencia en los ni\u00f1os, ni\u00f1as y j\u00f3venes, desde el inicio del periodo escolar 2014 \u2013 2015, el Ministerio de Ambiente de Ecuador (MAE), a trav\u00e9s de su Direcci\u00f3n Provincial de Manab\u00ed y del Refugio de Vida Silvestre y Marino Costera Pacoche ha desarrollado charlas de educaci\u00f3n ambiental en centros educativos de la zona. \u00c1ngelo Traverso,&hellip; <a href=\"https:\/\/www.ambienteyenergia.gob.ec\/ambiente\/mae-capacita-a-ninos-y-jovenes-en-temas-ambientales\/\">Read more &rarr;<\/a><\/p>\n","protected":false},"author":13,"featured_media":0,"comment_status":"open","ping_status":"open","sticky":false,"template":"","format":"standard","meta":{"footnotes":""},"categories":[16,4],"tags":[628,478,108,53,60],"class_list":["post-23983","post","type-post","status-publish","format-standard","hentry","category-comunicamos","category-noticias","tag-campana-de-concienciacion","tag-educacion-ambiental","tag-lorena-tapia","tag-mae","tag-manabi","xfolkentry"],"_links":{"self":[{"href":"https:\/\/www.ambienteyenergia.gob.ec\/ambiente\/wp-json\/wp\/v2\/posts\/23983","targetHints":{"allow":["GET"]}}],"collection":[{"href":"https:\/\/www.ambienteyenergia.gob.ec\/ambiente\/wp-json\/wp\/v2\/posts"}],"about":[{"href":"https:\/\/www.ambienteyenergia.gob.ec\/ambiente\/wp-json\/wp\/v2\/types\/post"}],"author":[{"embeddable":true,"href":"https:\/\/www.ambienteyenergia.gob.ec\/ambiente\/wp-json\/wp\/v2\/users\/13"}],"replies":[{"embeddable":true,"href":"https:\/\/www.ambienteyenergia.gob.ec\/ambiente\/wp-json\/wp\/v2\/comments?post=23983"}],"version-history":[{"count":0,"href":"https:\/\/www.ambienteyenergia.gob.ec\/ambiente\/wp-json\/wp\/v2\/posts\/23983\/revisions"}],"wp:attachment":[{"href":"https:\/\/www.ambienteyenergia.gob.ec\/ambiente\/wp-json\/wp\/v2\/media?parent=23983"}],"wp:term":[{"taxonomy":"category","embeddable":true,"href":"https:\/\/www.ambienteyenergia.gob.ec\/ambiente\/wp-json\/wp\/v2\/categories?post=23983"},{"taxonomy":"post_tag","embeddable":true,"href":"https:\/\/www.ambienteyenergia.gob.ec\/ambiente\/wp-json\/wp\/v2\/tags?post=23983"}],"curies":[{"name":"wp","href":"https:\/\/api.w.org\/{rel}","templated":true}]}}