{"id":23970,"date":"2015-01-10T12:52:00","date_gmt":"2015-01-10T17:52:00","guid":{"rendered":"http:\/\/www.ambiente.gob.ec\/?p=23970"},"modified":"2015-01-10T14:58:34","modified_gmt":"2015-01-10T19:58:34","slug":"mae-rescata-fauna-silvestre-en-los-rios","status":"publish","type":"post","link":"https:\/\/www.ambienteyenergia.gob.ec\/ambiente\/mae-rescata-fauna-silvestre-en-los-rios\/","title":{"rendered":"MAE rescata fauna silvestre en Los R\u00edos"},"content":{"rendered":"<p style=\"text-align: justify;\">El Ministerio del Ambiente (MAE), a trav\u00e9s de su Direcci\u00f3n Provincial en Los R\u00edos con la colaboraci\u00f3n de autoridades locales y ciudadan\u00eda, rescat\u00f3 varios espec\u00edmenes de vida silvestre, entre ellos: 2 guacamayos en el cant\u00f3n Buena Fe; 6 loras y 3 tortugas en el cant\u00f3n Quevedo y 1 armadillo en el cant\u00f3n Babahoyo.<\/p>\n<p style=\"text-align: justify;\">Una llamada telef\u00f3nica inform\u00f3 sobre la tenencia de fauna silvestre en calidad de mascotas, por parte de ciudadanos de la localidad, sin la respectiva autorizaci\u00f3n emitida por la autoridad ambiental.<\/p>\n<p style=\"text-align: justify;\">Una vez reportado el hecho, funcionarios del MAE y Ministerio del Interior, constataron las condiciones en las que se encontraban los espec\u00edmenes rescatados para luego trasladarlas, con el apoyo de la Direcci\u00f3n Provincial del Guayas, a un Centro de Rescate de vida silvestre, para su custodia temporal y an\u00e1lisis de la posible reintroducci\u00f3n a su h\u00e1bitat natural.<\/p>\n<p style=\"text-align: justify;\">El MAE, como principal autoridad ambiental nacional, ejecuta de forma permanente controles forestales con la finalidad de precautelar el bienestar tanto de flora, como de fauna de la regi\u00f3n y de todo el pa\u00eds.\u00a0 Adem\u00e1s, invita a la poblaci\u00f3n a formar parte del trabajo de conservaci\u00f3n de especies de vida silvestre y as\u00ed, contribuir al desarrollo de una sociedad con responsabilidad ambiental.<\/p>\n<p>SJ \/ EC<\/p>\n","protected":false},"excerpt":{"rendered":"<p class=\"excerpt\">El Ministerio del Ambiente (MAE), a trav\u00e9s de su Direcci\u00f3n Provincial en Los R\u00edos con la colaboraci\u00f3n de autoridades locales y ciudadan\u00eda, rescat\u00f3 varios espec\u00edmenes de vida silvestre, entre ellos: 2 guacamayos en el cant\u00f3n Buena Fe; 6 loras y 3 tortugas en el cant\u00f3n Quevedo y 1 armadillo en el cant\u00f3n Babahoyo. Una llamada telef\u00f3nica inform\u00f3 sobre la tenencia&hellip; <a href=\"https:\/\/www.ambienteyenergia.gob.ec\/ambiente\/mae-rescata-fauna-silvestre-en-los-rios\/\">Read more &rarr;<\/a><\/p>\n","protected":false},"author":13,"featured_media":0,"comment_status":"open","ping_status":"open","sticky":false,"template":"","format":"standard","meta":{"footnotes":""},"categories":[16,4],"tags":[229,387],"class_list":["post-23970","post","type-post","status-publish","format-standard","hentry","category-comunicamos","category-noticias","tag-los-rios","tag-mae-lorena-tapia","xfolkentry"],"_links":{"self":[{"href":"https:\/\/www.ambienteyenergia.gob.ec\/ambiente\/wp-json\/wp\/v2\/posts\/23970","targetHints":{"allow":["GET"]}}],"collection":[{"href":"https:\/\/www.ambienteyenergia.gob.ec\/ambiente\/wp-json\/wp\/v2\/posts"}],"about":[{"href":"https:\/\/www.ambienteyenergia.gob.ec\/ambiente\/wp-json\/wp\/v2\/types\/post"}],"author":[{"embeddable":true,"href":"https:\/\/www.ambienteyenergia.gob.ec\/ambiente\/wp-json\/wp\/v2\/users\/13"}],"replies":[{"embeddable":true,"href":"https:\/\/www.ambienteyenergia.gob.ec\/ambiente\/wp-json\/wp\/v2\/comments?post=23970"}],"version-history":[{"count":0,"href":"https:\/\/www.ambienteyenergia.gob.ec\/ambiente\/wp-json\/wp\/v2\/posts\/23970\/revisions"}],"wp:attachment":[{"href":"https:\/\/www.ambienteyenergia.gob.ec\/ambiente\/wp-json\/wp\/v2\/media?parent=23970"}],"wp:term":[{"taxonomy":"category","embeddable":true,"href":"https:\/\/www.ambienteyenergia.gob.ec\/ambiente\/wp-json\/wp\/v2\/categories?post=23970"},{"taxonomy":"post_tag","embeddable":true,"href":"https:\/\/www.ambienteyenergia.gob.ec\/ambiente\/wp-json\/wp\/v2\/tags?post=23970"}],"curies":[{"name":"wp","href":"https:\/\/api.w.org\/{rel}","templated":true}]}}