{"id":23959,"date":"2015-01-09T11:38:43","date_gmt":"2015-01-09T16:38:43","guid":{"rendered":"http:\/\/www.ambiente.gob.ec\/?p=23959"},"modified":"2015-01-09T11:38:43","modified_gmt":"2015-01-09T16:38:43","slug":"mae-ejecuta-acciones-para-proteger-el-ave-cucuve-de-floreana","status":"publish","type":"post","link":"https:\/\/www.ambienteyenergia.gob.ec\/ambiente\/mae-ejecuta-acciones-para-proteger-el-ave-cucuve-de-floreana\/","title":{"rendered":"MAE ejecuta acciones para proteger el ave Cucuve de Floreana"},"content":{"rendered":"<p style=\"text-align: justify;\">El Ministerio del Ambiente del Ecuador (MAE) a trav\u00e9s de la Direcci\u00f3n del Parque Nacional Gal\u00e1pagos (DPNG) y la Universidad de Massey de Nueva Zelandia; llevaron adelante un estudio poblacional del ave Cucuve de Floreana (<em>Mimus Trifasciatus<\/em>) que habita en los islotes Champion y Gardner en Floreana, con el objetivo de conocer la situaci\u00f3n actual de esta especie.<\/p>\n<p style=\"text-align: justify;\">Los resultados obtenidos en el islote Champion que tiene un \u00e1rea de 9 hect\u00e1reas de extensi\u00f3n, refleja que existen alrededor de entre 31 y 45 cucuves; mientras que en el islote Gardner de 78 hect\u00e1reas se estima que hay entre 250 y 300 aves.<\/p>\n<p style=\"text-align: justify;\">El Cucuve de Floreana, es un ave que pertenece a la familia Mimidae y que est\u00e1 distribuida en todo el continente Americano, con 35 especies descritas. Espec\u00edficamente en las islas Gal\u00e1pagos se encuentran cuatro especies: Cucuve de capucha (<em>Mimus macdonaldi<\/em>); Cucuve de Gal\u00e1pagos (<em>Mimus parvulus<\/em>); Cucuve de Charles (<em>Mimus trifasciatus<\/em>) y Cucuve de San Crist\u00f3bal (<em>Mimus melanotis<\/em>).<\/p>\n<p style=\"text-align: justify;\">Son aves omn\u00edvoras adaptadas a alimentarse de toda clase de sustancias org\u00e1nicas, tanto de animales como de plantas. Adem\u00e1s, son aves oportunistas, en las islas Gal\u00e1pagos, se alimentan de peque\u00f1os vertebrados, huevos de otras aves e insectos.<\/p>\n<p style=\"text-align: justify;\">Seg\u00fan la Uni\u00f3n Internacional para la Conservaci\u00f3n de la Naturaleza (UICN) el Cucuve de Floreana se encuentra en peligro cr\u00edtico de extinci\u00f3n, una de las causas es la presencia de especies introducidas, como la hormiga de fuego (<em>Solenopsis geminata<\/em>), uno de los principales enemigos del cucuve, puesto que depredan huevos y neonatos.<\/p>\n<p style=\"text-align: justify;\">Por ello, la Direcci\u00f3n del Parque Nacional Gal\u00e1pagos, instituci\u00f3n encargada del manejo y la administraci\u00f3n de las \u00e1reas protegidas del archipi\u00e9lago, implement\u00f3 un plan de erradicaci\u00f3n de esta hormiga, mediante la aplicaci\u00f3n de un producto de control que permita garantizar la supervivencia de los cucuves.<\/p>\n<p style=\"text-align: justify;\">Adem\u00e1s del trabajo en campo, se realizaron dos actividades educativas en Santa Cruz, para dar a conocer el cucuve de Floreana a la comunidad de Puerto Ayora. Una de ellas es la creaci\u00f3n de un mural en la escuela Galo Plaza, donde se presentan las cuatro especies de cucuve que existen en Gal\u00e1pagos, con informaci\u00f3n sobre su distribuci\u00f3n y tama\u00f1o poblacional. Tambi\u00e9n se realiz\u00f3 una actividad did\u00e1ctica con los ni\u00f1os de quinto grado en la escuela Tomas de Berlanga, quienes hicieron una breve obra de teatro acerca de la vida de esta especie.<\/p>\n<p style=\"text-align: justify;\">De esta forma el Ministerio del Ambiente compromete a la poblaci\u00f3n a formar parte del trabajo de conservaci\u00f3n de especies de vida silvestre, con el fin de contribuir al desarrollo de una sociedad con responsabilidad ambiental.<\/p>\n","protected":false},"excerpt":{"rendered":"<p class=\"excerpt\">El Ministerio del Ambiente del Ecuador (MAE) a trav\u00e9s de la Direcci\u00f3n del Parque Nacional Gal\u00e1pagos (DPNG) y la Universidad de Massey de Nueva Zelandia; llevaron adelante un estudio poblacional del ave Cucuve de Floreana (Mimus Trifasciatus) que habita en los islotes Champion y Gardner en Floreana, con el objetivo de conocer la situaci\u00f3n actual de esta especie. Los resultados&hellip; <a href=\"https:\/\/www.ambienteyenergia.gob.ec\/ambiente\/mae-ejecuta-acciones-para-proteger-el-ave-cucuve-de-floreana\/\">Read more &rarr;<\/a><\/p>\n","protected":false},"author":13,"featured_media":0,"comment_status":"open","ping_status":"open","sticky":false,"template":"","format":"standard","meta":{"footnotes":""},"categories":[16,4],"tags":[],"class_list":["post-23959","post","type-post","status-publish","format-standard","hentry","category-comunicamos","category-noticias","xfolkentry"],"_links":{"self":[{"href":"https:\/\/www.ambienteyenergia.gob.ec\/ambiente\/wp-json\/wp\/v2\/posts\/23959","targetHints":{"allow":["GET"]}}],"collection":[{"href":"https:\/\/www.ambienteyenergia.gob.ec\/ambiente\/wp-json\/wp\/v2\/posts"}],"about":[{"href":"https:\/\/www.ambienteyenergia.gob.ec\/ambiente\/wp-json\/wp\/v2\/types\/post"}],"author":[{"embeddable":true,"href":"https:\/\/www.ambienteyenergia.gob.ec\/ambiente\/wp-json\/wp\/v2\/users\/13"}],"replies":[{"embeddable":true,"href":"https:\/\/www.ambienteyenergia.gob.ec\/ambiente\/wp-json\/wp\/v2\/comments?post=23959"}],"version-history":[{"count":0,"href":"https:\/\/www.ambienteyenergia.gob.ec\/ambiente\/wp-json\/wp\/v2\/posts\/23959\/revisions"}],"wp:attachment":[{"href":"https:\/\/www.ambienteyenergia.gob.ec\/ambiente\/wp-json\/wp\/v2\/media?parent=23959"}],"wp:term":[{"taxonomy":"category","embeddable":true,"href":"https:\/\/www.ambienteyenergia.gob.ec\/ambiente\/wp-json\/wp\/v2\/categories?post=23959"},{"taxonomy":"post_tag","embeddable":true,"href":"https:\/\/www.ambienteyenergia.gob.ec\/ambiente\/wp-json\/wp\/v2\/tags?post=23959"}],"curies":[{"name":"wp","href":"https:\/\/api.w.org\/{rel}","templated":true}]}}