{"id":23945,"date":"2015-01-13T13:55:06","date_gmt":"2015-01-13T18:55:06","guid":{"rendered":"http:\/\/www.ambiente.gob.ec\/?p=23945"},"modified":"2015-01-13T15:26:45","modified_gmt":"2015-01-13T20:26:45","slug":"mae-graduo-a-13-promotores-ambientales-en-el-parque-nacional-sangay","status":"publish","type":"post","link":"https:\/\/www.ambienteyenergia.gob.ec\/ambiente\/mae-graduo-a-13-promotores-ambientales-en-el-parque-nacional-sangay\/","title":{"rendered":"MAE gradu\u00f3 a 13  promotores ambientales en el Parque Nacional Sangay"},"content":{"rendered":"<p align=\"JUSTIFY\"><span style=\"font-family: Arial, serif;\"><span style=\"font-size: medium;\"><span lang=\"es-EC\">La semana pasada, la Direcci\u00f3n Provincial del Ambiente de Chimborazo realiz\u00f3 la graduaci\u00f3n de 13 Promotores Ambientales Comunitarios en la parroquia Achupallas ubicada en el Parque <\/span><\/span><\/span><span style=\"font-family: Arial, serif;\"><span style=\"font-size: medium;\"><span lang=\"es-EC\">Nacional <\/span><\/span><\/span><span style=\"font-family: Arial, serif;\"><span style=\"font-size: medium;\"><span lang=\"es-EC\">Sangay.<\/span><\/span><\/span><\/p>\n<p align=\"JUSTIFY\"><span style=\"font-family: Arial, serif;\"><span style=\"font-size: medium;\"><span lang=\"es-EC\">Este proceso de capacitaci\u00f3n, que tuvo una duraci\u00f3n de 80 horas acad\u00e9micas, se lo realiz\u00f3 en cumplimiento del programa de educaci\u00f3n denominado ECOTALLERES, en el marco del Proyecto Biocorredores, convenio interinstitucional entre el Ministerio del Ambiente y el Programa de Peque\u00f1as Donaciones.<\/span><\/span><\/span><\/p>\n<p align=\"JUSTIFY\"><span style=\"font-family: Arial, serif;\"><span style=\"font-size: medium;\"><span lang=\"es-EC\">Como evaluaci\u00f3n final, los promotores realizaron una exposici\u00f3n sobre la importancia de la conservaci\u00f3n de los recursos naturales del Parque Nacional Sangay a estudiantes de la localidad, profesores y tutores de las clases en donde demostraron sus destrezas y habilidades.<\/span><\/span><\/span><\/p>\n<p lang=\"es-EC\" align=\"JUSTIFY\">Los ciudadanos presentes en este evento mencionaron el rol fundamental de esta Cartera de Estado para realizar proyectos y asumir compromisos ciudadanos con el ambiente.<\/p>\n<p lang=\"es-EC\" align=\"JUSTIFY\">Por otra parte el Administrador de esta \u00c1rea Protegida, comprometi\u00f3 a los promotores a trabajar en su localidad mediante la participaci\u00f3n ciudadana en procesos de planificaci\u00f3n, gesti\u00f3n y seguimiento de proyectos a futuro que orienten el desarrollo local para el Buen Vivir.\/hc-ds<\/p>\n","protected":false},"excerpt":{"rendered":"<p class=\"excerpt\">La semana pasada, la Direcci\u00f3n Provincial del Ambiente de Chimborazo realiz\u00f3 la graduaci\u00f3n de 13 Promotores Ambientales Comunitarios en la parroquia Achupallas ubicada en el Parque Nacional Sangay. Este proceso de capacitaci\u00f3n, que tuvo una duraci\u00f3n de 80 horas acad\u00e9micas, se lo realiz\u00f3 en cumplimiento del programa de educaci\u00f3n denominado ECOTALLERES, en el marco del Proyecto Biocorredores, convenio interinstitucional entre&hellip; <a href=\"https:\/\/www.ambienteyenergia.gob.ec\/ambiente\/mae-graduo-a-13-promotores-ambientales-en-el-parque-nacional-sangay\/\">Read more &rarr;<\/a><\/p>\n","protected":false},"author":13,"featured_media":0,"comment_status":"open","ping_status":"open","sticky":false,"template":"","format":"standard","meta":{"footnotes":""},"categories":[16,4],"tags":[246,478,108,53,629],"class_list":["post-23945","post","type-post","status-publish","format-standard","hentry","category-comunicamos","category-noticias","tag-ecotalleres","tag-educacion-ambiental","tag-lorena-tapia","tag-mae","tag-promotores-ambientales","xfolkentry"],"_links":{"self":[{"href":"https:\/\/www.ambienteyenergia.gob.ec\/ambiente\/wp-json\/wp\/v2\/posts\/23945","targetHints":{"allow":["GET"]}}],"collection":[{"href":"https:\/\/www.ambienteyenergia.gob.ec\/ambiente\/wp-json\/wp\/v2\/posts"}],"about":[{"href":"https:\/\/www.ambienteyenergia.gob.ec\/ambiente\/wp-json\/wp\/v2\/types\/post"}],"author":[{"embeddable":true,"href":"https:\/\/www.ambienteyenergia.gob.ec\/ambiente\/wp-json\/wp\/v2\/users\/13"}],"replies":[{"embeddable":true,"href":"https:\/\/www.ambienteyenergia.gob.ec\/ambiente\/wp-json\/wp\/v2\/comments?post=23945"}],"version-history":[{"count":0,"href":"https:\/\/www.ambienteyenergia.gob.ec\/ambiente\/wp-json\/wp\/v2\/posts\/23945\/revisions"}],"wp:attachment":[{"href":"https:\/\/www.ambienteyenergia.gob.ec\/ambiente\/wp-json\/wp\/v2\/media?parent=23945"}],"wp:term":[{"taxonomy":"category","embeddable":true,"href":"https:\/\/www.ambienteyenergia.gob.ec\/ambiente\/wp-json\/wp\/v2\/categories?post=23945"},{"taxonomy":"post_tag","embeddable":true,"href":"https:\/\/www.ambienteyenergia.gob.ec\/ambiente\/wp-json\/wp\/v2\/tags?post=23945"}],"curies":[{"name":"wp","href":"https:\/\/api.w.org\/{rel}","templated":true}]}}