{"id":23938,"date":"2015-01-07T15:49:05","date_gmt":"2015-01-07T20:49:05","guid":{"rendered":"http:\/\/www.ambiente.gob.ec\/?p=23938"},"modified":"2015-02-02T16:39:59","modified_gmt":"2015-02-02T21:39:59","slug":"mae-rescato-un-venado-colorado-enano-en-chimborazo","status":"publish","type":"post","link":"https:\/\/www.ambienteyenergia.gob.ec\/ambiente\/mae-rescato-un-venado-colorado-enano-en-chimborazo\/","title":{"rendered":"MAE rescat\u00f3 un venado colorado enano en Chimborazo"},"content":{"rendered":"<p style=\"text-align: justify;\">El Ministerio del Ambiente (MAE), a trav\u00e9s de la Direcci\u00f3n Provincial de Chimborazo y en colaboraci\u00f3n con la ciudadan\u00eda, rescataron un venado colorado enano (Mazama rufina) en la avenida Velasco Ibarra de la ciudad de Pallatanga.<\/p>\n<p style=\"text-align: justify;\">Una llamada telef\u00f3nica inform\u00f3 que ciudadanos de la localidad manten\u00edan a buen recaudo\u00a0 a un venado que fue atropellado en la avenida principal la semana pasada de la ciudad.<\/p>\n<p style=\"text-align: justify;\">Una vez reportado el hecho al MAE, t\u00e9cnicos de vida silvestre se movilizaron a la localidad para constatar las condiciones del esp\u00e9cimen de vida silvestre rescatado seg\u00fan las versi\u00f3n de la ciudadan\u00eda emitida.<\/p>\n<p style=\"text-align: justify;\">En el lugar se comprob\u00f3 que se trataba de un venado colorado enano que se encontraba en una jaula provisional en donde lo cuidaban y lo atend\u00eda un m\u00e9dico veterinario del cant\u00f3n.<\/p>\n<p style=\"text-align: justify;\">El esp\u00e9cimen una vez entregado a la Direcci\u00f3n del Ambiente de Chimborazo fue trasladado, previa coordinaci\u00f3n con la Direcci\u00f3n Provincial de Cotopaxi, al Centro de Rescate Ilitio, ubicado en la parroquia de Mulal\u00f3 para su custodia temporal y posterior reintroducci\u00f3n a su h\u00e1bitat.<\/p>\n<p style=\"text-align: justify;\">MAE, como principal autoridad ambiental del pa\u00eds desarrolla diferentes actividades, con la finalidad de controlar la comercializaci\u00f3n y la tenencia ilegal de espec\u00edmenes de vida silvestre.\/hc-ds<\/p>\n<p>&nbsp;<\/p>\n","protected":false},"excerpt":{"rendered":"<p class=\"excerpt\">El Ministerio del Ambiente (MAE), a trav\u00e9s de la Direcci\u00f3n Provincial de Chimborazo y en colaboraci\u00f3n con la ciudadan\u00eda, rescataron un venado colorado enano (Mazama rufina) en la avenida Velasco Ibarra de la ciudad de Pallatanga. Una llamada telef\u00f3nica inform\u00f3 que ciudadanos de la localidad manten\u00edan a buen recaudo\u00a0 a un venado que fue atropellado en la avenida principal la&hellip; <a href=\"https:\/\/www.ambienteyenergia.gob.ec\/ambiente\/mae-rescato-un-venado-colorado-enano-en-chimborazo\/\">Read more &rarr;<\/a><\/p>\n","protected":false},"author":13,"featured_media":23939,"comment_status":"open","ping_status":"open","sticky":false,"template":"","format":"standard","meta":{"footnotes":""},"categories":[16,4],"tags":[101,108,53,224,408],"class_list":["post-23938","post","type-post","status-publish","format-standard","has-post-thumbnail","hentry","category-comunicamos","category-noticias","tag-chimborazo","tag-lorena-tapia","tag-mae","tag-rescate","tag-vida-silvestre","xfolkentry"],"_links":{"self":[{"href":"https:\/\/www.ambienteyenergia.gob.ec\/ambiente\/wp-json\/wp\/v2\/posts\/23938","targetHints":{"allow":["GET"]}}],"collection":[{"href":"https:\/\/www.ambienteyenergia.gob.ec\/ambiente\/wp-json\/wp\/v2\/posts"}],"about":[{"href":"https:\/\/www.ambienteyenergia.gob.ec\/ambiente\/wp-json\/wp\/v2\/types\/post"}],"author":[{"embeddable":true,"href":"https:\/\/www.ambienteyenergia.gob.ec\/ambiente\/wp-json\/wp\/v2\/users\/13"}],"replies":[{"embeddable":true,"href":"https:\/\/www.ambienteyenergia.gob.ec\/ambiente\/wp-json\/wp\/v2\/comments?post=23938"}],"version-history":[{"count":0,"href":"https:\/\/www.ambienteyenergia.gob.ec\/ambiente\/wp-json\/wp\/v2\/posts\/23938\/revisions"}],"wp:featuredmedia":[{"embeddable":true,"href":"https:\/\/www.ambienteyenergia.gob.ec\/ambiente\/wp-json\/wp\/v2\/media\/23939"}],"wp:attachment":[{"href":"https:\/\/www.ambienteyenergia.gob.ec\/ambiente\/wp-json\/wp\/v2\/media?parent=23938"}],"wp:term":[{"taxonomy":"category","embeddable":true,"href":"https:\/\/www.ambienteyenergia.gob.ec\/ambiente\/wp-json\/wp\/v2\/categories?post=23938"},{"taxonomy":"post_tag","embeddable":true,"href":"https:\/\/www.ambienteyenergia.gob.ec\/ambiente\/wp-json\/wp\/v2\/tags?post=23938"}],"curies":[{"name":"wp","href":"https:\/\/api.w.org\/{rel}","templated":true}]}}