{"id":23930,"date":"2015-01-07T13:35:57","date_gmt":"2015-01-07T18:35:57","guid":{"rendered":"http:\/\/www.ambiente.gob.ec\/?p=23930"},"modified":"2015-01-07T13:42:10","modified_gmt":"2015-01-07T18:42:10","slug":"negocios-industriales-real-mide-la-huella-de-carbono-de-sus-produsctos","status":"publish","type":"post","link":"https:\/\/www.ambienteyenergia.gob.ec\/ambiente\/negocios-industriales-real-mide-la-huella-de-carbono-de-sus-produsctos\/","title":{"rendered":"Negocios Industriales Real mide la Huella de Carbono de sus productos"},"content":{"rendered":"<p style=\"text-align: justify;\">La <span><span>Ministra del Ambiente, Lorena Tapia, destac\u00f3 el esfuerzo que <\/span><\/span><span><span>Negocios Industriales REAL<\/span><\/span><span><span>ha realizado al trabajar e<\/span><\/span><span><span>n la medici\u00f3n <\/span><\/span><span><span>de <\/span><\/span><span><span>emisiones de gases efecto invernadero,<\/span><\/span><span><span> esto implica la medici\u00f3n de la Huella de Carbono de sus productos. <\/span><\/span><span><span>Este <\/span><\/span><span><span>proceso fue realizado en su totalidad por la Consultora SAMBITO y validado a nivel internacional por TUV Rheinland <\/span><\/span><span><span>y fue notificado hoy oficialmente a la Ministra, quien felicit\u00f3 la iniciativa. <\/span><\/span><\/p>\n<p style=\"text-align: justify;\">El c\u00e1lculo de la huella de carbono es el primer paso para obtener el Reconocimiento Ecuatoriano Ambiental Carbono Neutral del Ministerio del Ambiente. Asimismo, se debe completar con las estrategias de reducci\u00f3n y compensaci\u00f3n de emisiones de gases efecto invernadero. \u201cEn su conjunto, el Reconocimiento Ecuatoriano Ambiental Carbono Neutral es una oportunidad para que el sector p\u00fablico y privado se incorpore en la lucha contra este fen\u00f3meno clim\u00e1tico generando a la vez beneficios adicionales\u201d, <span><span>recalc\u00f3 la Ministra Tapia. <\/span><\/span><\/p>\n<p style=\"text-align: justify;\">El Presidente del Directorio de Negocios Industriales REAL, Julio Aguirre, explic\u00f3 que como parte de los programas de responsabilidad ambiental de la compa\u00f1\u00eda decidieron implementar un sistema de gesti\u00f3n que permita el monitoreo del impacto que causan la operaci\u00f3n de la compa\u00f1\u00eda sobre el ambiente tomando como par\u00e1metro la huella de carbono del producto, esta medici\u00f3n permitir\u00e1 implementar acciones para mitigar y compensar el impacto de la actividad pesquera y su industrializaci\u00f3n sobre el ambiente.<\/p>\n<p style=\"text-align: justify;\">Adem\u00e1s, <span><span>agradeci\u00f3 el apoyo del Ministerio y destac\u00f3 e<\/span><\/span><span><span>l orgullo que siente por formar parte de una empresa Certificada por su intervenci\u00f3n social y ambiental.<\/span><\/span><\/p>\n<p style=\"text-align: justify;\">\u201c<span>NIRSA es una empresa<\/span><span><span> ejemplo en el desarrollo de iniciativas sostenibles, puesto que no solo se preocupa por la parte productiva, sino tambi\u00e9n genera valor social y ambiental\u201d explic\u00f3 Jos\u00e9 Javier Guarderas H., Gerente de la Consultora Ambiental SAMBITO.<\/span><\/span><\/p>\n<p style=\"text-align: justify;\">El MAE considera que la implementaci\u00f3n de este tipo de medidas y estrategias son de gran importancia para la reducci\u00f3n y compensaci\u00f3n de emisiones de gases efecto invernadero, adem\u00e1s constituyen en un mecanismo efectivo para contribuir con la lucha contra el cambio clim\u00e1tico y el desarrollo de buenas pr\u00e1cticas ambientales, innovaci\u00f3n y cambio de tecnolog\u00eda.<\/p>\n<p style=\"text-align: justify;\">La Ministra<span><span> invit<\/span><\/span><span><span>\u00f3 a <\/span><\/span><span><span>NIRSA y a las diferentes empresas del Ecuador a continuar con su compromiso con el cuidado ambiental <\/span><\/span><span><span>y buscar el Reconocimiento Carbono Neutral<\/span><\/span><span><span>. <\/span><\/span><span><span>Que<\/span><\/span><span><span> son una oportunidad para que el sector p\u00fablico y privado se incorpore en la lucha contra el fen\u00f3meno clim\u00e1tico, generando a la vez beneficios adicionales a las empresas.<\/span><\/span><\/p>\n<p style=\"text-align: justify;\">\u201cConsiderando la normativa vigente, <span><span>estas acciones y <\/span><\/span><span><span>la implementaci\u00f3n de medidas y estrategias para la reducci\u00f3n y compensaci\u00f3n de emisiones de gases efecto invernadero se constituyen en un mecanismo efectivo para contribuir con la lucha contra el cambio clim\u00e1tico y es concebida como una gesti\u00f3n correctiva ambiental en la que participan las buenas pr\u00e1cticas ambientales, innovaci\u00f3n y cambio de tecnolog\u00eda\u201d, recalca la Ministra del Ambiente Lorena Tapia. <\/span><\/span><\/p>\n<p style=\"text-align: justify;\">M<span><span>edir, reportar, verificar y compensar las emisiones de gases efecto invernadero permite a las organizaciones y empresas reducir los impactos al ambiente producto de sus operaciones, otorga una ventaja competitiva y posibilidad de posicionamiento en el mercado, reducir costos de operaci\u00f3n y optimizar sus procesos.<\/span><\/span><\/p>\n","protected":false},"excerpt":{"rendered":"<p class=\"excerpt\">La Ministra del Ambiente, Lorena Tapia, destac\u00f3 el esfuerzo que Negocios Industriales REALha realizado al trabajar en la medici\u00f3n de emisiones de gases efecto invernadero, esto implica la medici\u00f3n de la Huella de Carbono de sus productos. Este proceso fue realizado en su totalidad por la Consultora SAMBITO y validado a nivel internacional por TUV Rheinland y fue notificado hoy&hellip; <a href=\"https:\/\/www.ambienteyenergia.gob.ec\/ambiente\/negocios-industriales-real-mide-la-huella-de-carbono-de-sus-produsctos\/\">Read more &rarr;<\/a><\/p>\n","protected":false},"author":13,"featured_media":23931,"comment_status":"open","ping_status":"open","sticky":false,"template":"","format":"standard","meta":{"footnotes":""},"categories":[16,4],"tags":[596,387],"class_list":["post-23930","post","type-post","status-publish","format-standard","has-post-thumbnail","hentry","category-comunicamos","category-noticias","tag-carbono-neutro","tag-mae-lorena-tapia","xfolkentry"],"_links":{"self":[{"href":"https:\/\/www.ambienteyenergia.gob.ec\/ambiente\/wp-json\/wp\/v2\/posts\/23930","targetHints":{"allow":["GET"]}}],"collection":[{"href":"https:\/\/www.ambienteyenergia.gob.ec\/ambiente\/wp-json\/wp\/v2\/posts"}],"about":[{"href":"https:\/\/www.ambienteyenergia.gob.ec\/ambiente\/wp-json\/wp\/v2\/types\/post"}],"author":[{"embeddable":true,"href":"https:\/\/www.ambienteyenergia.gob.ec\/ambiente\/wp-json\/wp\/v2\/users\/13"}],"replies":[{"embeddable":true,"href":"https:\/\/www.ambienteyenergia.gob.ec\/ambiente\/wp-json\/wp\/v2\/comments?post=23930"}],"version-history":[{"count":0,"href":"https:\/\/www.ambienteyenergia.gob.ec\/ambiente\/wp-json\/wp\/v2\/posts\/23930\/revisions"}],"wp:featuredmedia":[{"embeddable":true,"href":"https:\/\/www.ambienteyenergia.gob.ec\/ambiente\/wp-json\/wp\/v2\/media\/23931"}],"wp:attachment":[{"href":"https:\/\/www.ambienteyenergia.gob.ec\/ambiente\/wp-json\/wp\/v2\/media?parent=23930"}],"wp:term":[{"taxonomy":"category","embeddable":true,"href":"https:\/\/www.ambienteyenergia.gob.ec\/ambiente\/wp-json\/wp\/v2\/categories?post=23930"},{"taxonomy":"post_tag","embeddable":true,"href":"https:\/\/www.ambienteyenergia.gob.ec\/ambiente\/wp-json\/wp\/v2\/tags?post=23930"}],"curies":[{"name":"wp","href":"https:\/\/api.w.org\/{rel}","templated":true}]}}