{"id":23927,"date":"2015-01-07T08:54:17","date_gmt":"2015-01-07T13:54:17","guid":{"rendered":"http:\/\/www.ambiente.gob.ec\/?p=23927"},"modified":"2015-01-07T08:54:17","modified_gmt":"2015-01-07T13:54:17","slug":"mae-firmo-convenio-de-cooperacion-con-la-asociacion-nacional-de-cultivadores-de-palma-aceitera","status":"publish","type":"post","link":"https:\/\/www.ambienteyenergia.gob.ec\/ambiente\/mae-firmo-convenio-de-cooperacion-con-la-asociacion-nacional-de-cultivadores-de-palma-aceitera\/","title":{"rendered":"MAE firm\u00f3 convenio de cooperaci\u00f3n con la Asociaci\u00f3n Nacional de Cultivadores de Palma Aceitera"},"content":{"rendered":"<p class=\"western\"><span style=\"font-family: Arial, sans-serif;\">El Ministerio del Ambiente (MAE) firm\u00f3 un convenio de cooperaci\u00f3n interinstitucional con la Asociaci\u00f3n Nacional de Cultivadores de Palma Aceitera (ANCUPA) para apoyar el desarrollo de proyectos relativos a la gesti\u00f3n de envases vac\u00edos de agroqu\u00edmicos con triple lavado.<\/span><\/p>\n<p class=\"western\"><span style=\"font-family: Arial, sans-serif;\">La firma del convenio <\/span><span style=\"font-family: Arial, sans-serif;\">busca generar un v\u00ednculo <\/span><span style=\"font-family: Arial, sans-serif;\">entre importadores de productos de uso agr\u00edcola y usuarios finales para potenciar la gesti\u00f3n de envases vac\u00edos con triple lavado, aplicando tambi\u00e9n el principio de responsabilidad extendida del productor.<\/span><\/p>\n<p class=\"western\"><span style=\"font-family: Arial, sans-serif;\">De igual manera, permitir\u00e1 recopilar informaci\u00f3n sobre el volumen de generaci\u00f3n de envases vac\u00edos del gremio palmicultor y favorecer\u00e1 la regularizaci\u00f3n de los sectores vinculados a esta asociaci\u00f3n para agilizar la obtenci\u00f3n del Registro de generador de desechos peligrosos y\/o especiales, entre otros.<\/span><\/p>\n<p class=\"western\" lang=\"es-ES\"><span style=\"font-family: Arial, sans-serif;\">Hasta la fecha hay 75 empresas importadoras de productos de uso agr\u00edcola que han iniciado procesos regulatorios con esta Cartera de Estado.\/ba-ds<\/span><\/p>\n","protected":false},"excerpt":{"rendered":"<p class=\"excerpt\">El Ministerio del Ambiente (MAE) firm\u00f3 un convenio de cooperaci\u00f3n interinstitucional con la Asociaci\u00f3n Nacional de Cultivadores de Palma Aceitera (ANCUPA) para apoyar el desarrollo de proyectos relativos a la gesti\u00f3n de envases vac\u00edos de agroqu\u00edmicos con triple lavado. La firma del convenio busca generar un v\u00ednculo entre importadores de productos de uso agr\u00edcola y usuarios finales para potenciar la&hellip; <a href=\"https:\/\/www.ambienteyenergia.gob.ec\/ambiente\/mae-firmo-convenio-de-cooperacion-con-la-asociacion-nacional-de-cultivadores-de-palma-aceitera\/\">Read more &rarr;<\/a><\/p>\n","protected":false},"author":13,"featured_media":23928,"comment_status":"open","ping_status":"open","sticky":false,"template":"","format":"standard","meta":{"footnotes":""},"categories":[16,4],"tags":[623,625,108,53,624],"class_list":["post-23927","post","type-post","status-publish","format-standard","has-post-thumbnail","hentry","category-comunicamos","category-noticias","tag-ancupa","tag-desechos-peligrosos","tag-lorena-tapia","tag-mae","tag-triple-lavado","xfolkentry"],"_links":{"self":[{"href":"https:\/\/www.ambienteyenergia.gob.ec\/ambiente\/wp-json\/wp\/v2\/posts\/23927","targetHints":{"allow":["GET"]}}],"collection":[{"href":"https:\/\/www.ambienteyenergia.gob.ec\/ambiente\/wp-json\/wp\/v2\/posts"}],"about":[{"href":"https:\/\/www.ambienteyenergia.gob.ec\/ambiente\/wp-json\/wp\/v2\/types\/post"}],"author":[{"embeddable":true,"href":"https:\/\/www.ambienteyenergia.gob.ec\/ambiente\/wp-json\/wp\/v2\/users\/13"}],"replies":[{"embeddable":true,"href":"https:\/\/www.ambienteyenergia.gob.ec\/ambiente\/wp-json\/wp\/v2\/comments?post=23927"}],"version-history":[{"count":0,"href":"https:\/\/www.ambienteyenergia.gob.ec\/ambiente\/wp-json\/wp\/v2\/posts\/23927\/revisions"}],"wp:featuredmedia":[{"embeddable":true,"href":"https:\/\/www.ambienteyenergia.gob.ec\/ambiente\/wp-json\/wp\/v2\/media\/23928"}],"wp:attachment":[{"href":"https:\/\/www.ambienteyenergia.gob.ec\/ambiente\/wp-json\/wp\/v2\/media?parent=23927"}],"wp:term":[{"taxonomy":"category","embeddable":true,"href":"https:\/\/www.ambienteyenergia.gob.ec\/ambiente\/wp-json\/wp\/v2\/categories?post=23927"},{"taxonomy":"post_tag","embeddable":true,"href":"https:\/\/www.ambienteyenergia.gob.ec\/ambiente\/wp-json\/wp\/v2\/tags?post=23927"}],"curies":[{"name":"wp","href":"https:\/\/api.w.org\/{rel}","templated":true}]}}