{"id":23925,"date":"2015-01-06T17:01:17","date_gmt":"2015-01-06T22:01:17","guid":{"rendered":"http:\/\/www.ambiente.gob.ec\/?p=23925"},"modified":"2015-01-06T17:01:17","modified_gmt":"2015-01-06T22:01:17","slug":"279-019-equipos-celulares-en-desuso-fueron-recuperados-para-nuevos-procesos-productivos","status":"publish","type":"post","link":"https:\/\/www.ambienteyenergia.gob.ec\/ambiente\/279-019-equipos-celulares-en-desuso-fueron-recuperados-para-nuevos-procesos-productivos\/","title":{"rendered":"279 019 equipos celulares en desuso fueron recuperados para nuevos procesos productivos"},"content":{"rendered":"<p class=\"western\" align=\"JUSTIFY\"><i>25 de los 33 importadores listados en las Resoluciones N\u00b0 69 y 100 de COMEX, cumplen sus obligaciones ambientales. <\/i><\/p>\n<p class=\"western\" align=\"JUSTIFY\">En cumplimiento del principio de Responsabilidad Extendida del Productor\/Importador (REP) el Ministerio del Ambiente de Ecuador (MAE), a trav\u00e9s de su Programa Nacional para la Gesti\u00f3n Integral de Desechos S\u00f3lidos (PNGIDS), ha trabajado de la mano con diversos actores del mercado de celulares para su recuperaci\u00f3n y reciclaje.<\/p>\n<p class=\"western\" align=\"JUSTIFY\">La meta proyectada inicialmente para el cierre del 2014 contemplaba recuperar 190 000 celulares como expectativa m\u00ednima y la meta alcanzada fue de 279 019 unidades. Es decir, esta meta se cumpli\u00f3 y fue superada por m\u00e1s de tres veces. Desde la implementaci\u00f3n de la pol\u00edtica del MAE, entre los a\u00f1os 2013 y 2014 se ha logrado una recuperaci\u00f3n y reciclaje de 587 299 celulares en desuso.<\/p>\n<p class=\"western\" align=\"JUSTIFY\">Actualmente en el Ecuador para el caso de celulares realiza un desensamblaje primario, luego de lo cual se procede a la exportaci\u00f3n de sus partes y piezas para el reciclaje en otros pa\u00edses como Canad\u00e1 o B\u00e9lgica, en el marco del Convenio de Basilea, el cual establece el control de los movimientos transfronterizos de los desechos peligrosos y su eliminaci\u00f3n a trav\u00e9s de un tratado multilateral.<\/p>\n<p class=\"western\" align=\"JUSTIFY\">El objetivo de este convenio es proteger al ambiente y la salud humana de los potenciales efectos nocivos derivados de la generaci\u00f3n, manejo, movimientos trasfronterizos y la eliminaci\u00f3n de los desechos peligrosos.<\/p>\n<p class=\"western\" align=\"JUSTIFY\">El Ministerio del Ambiente reporta mensualmente al COMEX los resultados de recolecci\u00f3n y reciclaje para que se otorguen dichos cupos adicionales en base al reciclaje.\/ba-ds<\/p>\n","protected":false},"excerpt":{"rendered":"<p class=\"excerpt\">25 de los 33 importadores listados en las Resoluciones N\u00b0 69 y 100 de COMEX, cumplen sus obligaciones ambientales. En cumplimiento del principio de Responsabilidad Extendida del Productor\/Importador (REP) el Ministerio del Ambiente de Ecuador (MAE), a trav\u00e9s de su Programa Nacional para la Gesti\u00f3n Integral de Desechos S\u00f3lidos (PNGIDS), ha trabajado de la mano con diversos actores del mercado&hellip; <a href=\"https:\/\/www.ambienteyenergia.gob.ec\/ambiente\/279-019-equipos-celulares-en-desuso-fueron-recuperados-para-nuevos-procesos-productivos\/\">Read more &rarr;<\/a><\/p>\n","protected":false},"author":13,"featured_media":23214,"comment_status":"open","ping_status":"open","sticky":false,"template":"","format":"standard","meta":{"footnotes":""},"categories":[16,4],"tags":[612,387,90,622,236],"class_list":["post-23925","post","type-post","status-publish","format-standard","has-post-thumbnail","hentry","category-comunicamos","category-noticias","tag-celulares","tag-mae-lorena-tapia","tag-pngids","tag-procesos-productivos","tag-reciclaje","xfolkentry"],"_links":{"self":[{"href":"https:\/\/www.ambienteyenergia.gob.ec\/ambiente\/wp-json\/wp\/v2\/posts\/23925","targetHints":{"allow":["GET"]}}],"collection":[{"href":"https:\/\/www.ambienteyenergia.gob.ec\/ambiente\/wp-json\/wp\/v2\/posts"}],"about":[{"href":"https:\/\/www.ambienteyenergia.gob.ec\/ambiente\/wp-json\/wp\/v2\/types\/post"}],"author":[{"embeddable":true,"href":"https:\/\/www.ambienteyenergia.gob.ec\/ambiente\/wp-json\/wp\/v2\/users\/13"}],"replies":[{"embeddable":true,"href":"https:\/\/www.ambienteyenergia.gob.ec\/ambiente\/wp-json\/wp\/v2\/comments?post=23925"}],"version-history":[{"count":0,"href":"https:\/\/www.ambienteyenergia.gob.ec\/ambiente\/wp-json\/wp\/v2\/posts\/23925\/revisions"}],"wp:featuredmedia":[{"embeddable":true,"href":"https:\/\/www.ambienteyenergia.gob.ec\/ambiente\/wp-json\/wp\/v2\/media\/23214"}],"wp:attachment":[{"href":"https:\/\/www.ambienteyenergia.gob.ec\/ambiente\/wp-json\/wp\/v2\/media?parent=23925"}],"wp:term":[{"taxonomy":"category","embeddable":true,"href":"https:\/\/www.ambienteyenergia.gob.ec\/ambiente\/wp-json\/wp\/v2\/categories?post=23925"},{"taxonomy":"post_tag","embeddable":true,"href":"https:\/\/www.ambienteyenergia.gob.ec\/ambiente\/wp-json\/wp\/v2\/tags?post=23925"}],"curies":[{"name":"wp","href":"https:\/\/api.w.org\/{rel}","templated":true}]}}