{"id":23919,"date":"2015-01-05T15:39:48","date_gmt":"2015-01-05T20:39:48","guid":{"rendered":"http:\/\/www.ambiente.gob.ec\/?p=23919"},"modified":"2015-01-05T15:39:48","modified_gmt":"2015-01-05T20:39:48","slug":"mae-consolida-su-plan-nacional-de-movilizacion-de-neumaticos-fuera-de-uso","status":"publish","type":"post","link":"https:\/\/www.ambienteyenergia.gob.ec\/ambiente\/mae-consolida-su-plan-nacional-de-movilizacion-de-neumaticos-fuera-de-uso\/","title":{"rendered":"MAE consolida su Plan Nacional de movilizaci\u00f3n de neum\u00e1ticos fuera de uso"},"content":{"rendered":"<p class=\"western\" align=\"JUSTIFY\">El Ministerio del Ambiente (MAE), a trav\u00e9s de su Programa Nacional para la Gesti\u00f3n Integral de Desechos S\u00f3lidos (PNGIDS), ejecuta desde el 2012, en coordinaci\u00f3n con el Ministerio de Salud P\u00fablica, el \u201cPlan Nacional de Movilizaci\u00f3n de Neum\u00e1ticos Fuera de Uso\u201d.<\/p>\n<p class=\"western\" align=\"JUSTIFY\">Este proyecto tiene como objetivo retirar el 100% de neum\u00e1ticos fuera de uso acopiados en escombreras, botaderos o en rellenos sanitarios y entregarlos a gestores ambientales evitando su inadecuada disposici\u00f3n y proliferaci\u00f3n de plagas.<\/p>\n<p class=\"western\" align=\"JUSTIFY\">\n<p class=\"western\" align=\"JUSTIFY\">En este sentido, y en el marco del Acuerdo Ministerial N\u00b0 020 sobre Gesti\u00f3n Integral de Neum\u00e1ticos usados, los importadores y productores de neum\u00e1ticos desde el a\u00f1o 2013 fueron parte activa del proceso de movilizaci\u00f3n de neum\u00e1ticos en desuso a nivel nacional, aplicando el principio de Responsabilidad Extendida del productor\/importador.<\/p>\n<p class=\"western\" align=\"JUSTIFY\">Es por tal motivo que, en 2014, se logr\u00f3 movilizar un total de 72 652 neum\u00e1ticos fuera de uso (NFU) en 63 cantones de 21 provincias a nivel nacional con el apoyo de los importadores regularizados por el MAE, quienes cumplieron efectivamente su meta de recuperaci\u00f3n anual. Estos neum\u00e1ticos ser\u00e1n reciclados y servir\u00e1n como materia prima en procesos productivos.<\/p>\n<p class=\"western\" align=\"JUSTIFY\">Al retirar los neum\u00e1ticos fuera de uso de los sitios de disposici\u00f3n final, esta Cartera de Estado contribuye de forma eficaz a controlar y disminuir el problema ambiental y social asociado al inadecuado tratamiento de estos elementos, pues disminuyen los pasivos ambientales, se alarga la vida \u00fatil de los rellenos sanitarios y se evita la propagaci\u00f3n de enfermedades, sobre todo el dengue, que puede aumentar por la acumulaci\u00f3n de agua en los neum\u00e1ticos dispuestos a la intemperie.<\/p>\n<p class=\"western\" align=\"JUSTIFY\">Este a\u00f1o el MAE continuar\u00e1 trabajando en el Plan de Movilizaci\u00f3n de NFU cubriendo la totalidad del territorio nacional.\/ba-ds<\/p>\n","protected":false},"excerpt":{"rendered":"<p class=\"excerpt\">El Ministerio del Ambiente (MAE), a trav\u00e9s de su Programa Nacional para la Gesti\u00f3n Integral de Desechos S\u00f3lidos (PNGIDS), ejecuta desde el 2012, en coordinaci\u00f3n con el Ministerio de Salud P\u00fablica, el \u201cPlan Nacional de Movilizaci\u00f3n de Neum\u00e1ticos Fuera de Uso\u201d. Este proyecto tiene como objetivo retirar el 100% de neum\u00e1ticos fuera de uso acopiados en escombreras, botaderos o en&hellip; <a href=\"https:\/\/www.ambienteyenergia.gob.ec\/ambiente\/mae-consolida-su-plan-nacional-de-movilizacion-de-neumaticos-fuera-de-uso\/\">Read more &rarr;<\/a><\/p>\n","protected":false},"author":13,"featured_media":23920,"comment_status":"open","ping_status":"open","sticky":false,"template":"","format":"standard","meta":{"footnotes":""},"categories":[16,4],"tags":[108,53,621,549,619,620,90],"class_list":["post-23919","post","type-post","status-publish","format-standard","has-post-thumbnail","hentry","category-comunicamos","category-noticias","tag-lorena-tapia","tag-mae","tag-movilizacion","tag-neumaticos","tag-neumaticos-fuera-de-uso","tag-plan-nacional","tag-pngids","xfolkentry"],"_links":{"self":[{"href":"https:\/\/www.ambienteyenergia.gob.ec\/ambiente\/wp-json\/wp\/v2\/posts\/23919","targetHints":{"allow":["GET"]}}],"collection":[{"href":"https:\/\/www.ambienteyenergia.gob.ec\/ambiente\/wp-json\/wp\/v2\/posts"}],"about":[{"href":"https:\/\/www.ambienteyenergia.gob.ec\/ambiente\/wp-json\/wp\/v2\/types\/post"}],"author":[{"embeddable":true,"href":"https:\/\/www.ambienteyenergia.gob.ec\/ambiente\/wp-json\/wp\/v2\/users\/13"}],"replies":[{"embeddable":true,"href":"https:\/\/www.ambienteyenergia.gob.ec\/ambiente\/wp-json\/wp\/v2\/comments?post=23919"}],"version-history":[{"count":0,"href":"https:\/\/www.ambienteyenergia.gob.ec\/ambiente\/wp-json\/wp\/v2\/posts\/23919\/revisions"}],"wp:featuredmedia":[{"embeddable":true,"href":"https:\/\/www.ambienteyenergia.gob.ec\/ambiente\/wp-json\/wp\/v2\/media\/23920"}],"wp:attachment":[{"href":"https:\/\/www.ambienteyenergia.gob.ec\/ambiente\/wp-json\/wp\/v2\/media?parent=23919"}],"wp:term":[{"taxonomy":"category","embeddable":true,"href":"https:\/\/www.ambienteyenergia.gob.ec\/ambiente\/wp-json\/wp\/v2\/categories?post=23919"},{"taxonomy":"post_tag","embeddable":true,"href":"https:\/\/www.ambienteyenergia.gob.ec\/ambiente\/wp-json\/wp\/v2\/tags?post=23919"}],"curies":[{"name":"wp","href":"https:\/\/api.w.org\/{rel}","templated":true}]}}