{"id":23916,"date":"2015-01-05T15:21:16","date_gmt":"2015-01-05T20:21:16","guid":{"rendered":"http:\/\/www.ambiente.gob.ec\/?p=23916"},"modified":"2015-01-05T15:23:00","modified_gmt":"2015-01-05T20:23:00","slug":"ecel-mae-presentara-el-primer-plan-de-reparacion-integral-de-la-cuenca-del-rio-puyango","status":"publish","type":"post","link":"https:\/\/www.ambienteyenergia.gob.ec\/ambiente\/ecel-mae-presentara-el-primer-plan-de-reparacion-integral-de-la-cuenca-del-rio-puyango\/","title":{"rendered":"El MAE presentar\u00e1 el primer Plan de Reparaci\u00f3n Integral de la cuenca del r\u00edo Puyango"},"content":{"rendered":"<p style=\"text-align: justify;\">El Ministerio del Ambiente del Ecuador (MAE) a trav\u00e9s del Programa de Reparaci\u00f3n Ambiental y Social (PRAS) cuenta con el primer Plan de Reparaci\u00f3n Integral de la cuenca del r\u00edo Puyango, esto en el marco de la aplicaci\u00f3n de los lineamientos de la Pol\u00edtica P\u00fablica de Reparaci\u00f3n Integral asociada a pasivos ambientales.<\/p>\n<p style=\"text-align: justify;\">Dicho plan ser\u00e1 utilizado dentro de un proceso piloto de reparaci\u00f3n integral a nivel de cuencas hidrogr\u00e1ficas, con el objetivo de recuperar su funci\u00f3n ecosist\u00e9mica. De esta manera, el PRAS contribuye al desarrollo y adecuaci\u00f3n de una normativa t\u00e9cnica para la gesti\u00f3n de pasivos ambientales que permite el cumplimiento efectivo de la Pol\u00edtica P\u00fablica de Reparaci\u00f3n Integral creada para la promoci\u00f3n de los principios constitucionales a favor de los Derechos de la Naturaleza.<\/p>\n<p style=\"text-align: justify;\">El enfoque central de la investigaci\u00f3n del Plan de Reparaci\u00f3n Integral es el an\u00e1lisis de las afectaciones ambientales ligadas al desarrollo de las actividades socioecon\u00f3micas y antr\u00f3picas. Con este estudio se podr\u00e1 conocer tambi\u00e9n c\u00f3mo estas actividades han perjudicado a grupos sociales asentados en la zona de estudio.<\/p>\n<p style=\"text-align: justify;\">Este instrumento cuenta tambi\u00e9n con un portafolio de proyectos y estrategias que conforman el Plan de Reparaci\u00f3n Integral de la cuenca del r\u00edo Puyango, acciones que ya se han venido ejecutando y que se desarrollar\u00e1n para conseguir la reparaci\u00f3n ambiental de la cuenca.<\/p>\n<p style=\"text-align: justify;\">De esta forma el Ministerio del Ambiente lleva adelante actividades y acciones concretas para mejorar la calidad ambiental y social de la zona del r\u00edo Puyango.<\/p>\n","protected":false},"excerpt":{"rendered":"<p class=\"excerpt\">El Ministerio del Ambiente del Ecuador (MAE) a trav\u00e9s del Programa de Reparaci\u00f3n Ambiental y Social (PRAS) cuenta con el primer Plan de Reparaci\u00f3n Integral de la cuenca del r\u00edo Puyango, esto en el marco de la aplicaci\u00f3n de los lineamientos de la Pol\u00edtica P\u00fablica de Reparaci\u00f3n Integral asociada a pasivos ambientales. Dicho plan ser\u00e1 utilizado dentro de un proceso&hellip; <a href=\"https:\/\/www.ambienteyenergia.gob.ec\/ambiente\/ecel-mae-presentara-el-primer-plan-de-reparacion-integral-de-la-cuenca-del-rio-puyango\/\">Read more &rarr;<\/a><\/p>\n","protected":false},"author":13,"featured_media":23214,"comment_status":"open","ping_status":"open","sticky":false,"template":"","format":"standard","meta":{"footnotes":""},"categories":[16,4],"tags":[],"class_list":["post-23916","post","type-post","status-publish","format-standard","has-post-thumbnail","hentry","category-comunicamos","category-noticias","xfolkentry"],"_links":{"self":[{"href":"https:\/\/www.ambienteyenergia.gob.ec\/ambiente\/wp-json\/wp\/v2\/posts\/23916","targetHints":{"allow":["GET"]}}],"collection":[{"href":"https:\/\/www.ambienteyenergia.gob.ec\/ambiente\/wp-json\/wp\/v2\/posts"}],"about":[{"href":"https:\/\/www.ambienteyenergia.gob.ec\/ambiente\/wp-json\/wp\/v2\/types\/post"}],"author":[{"embeddable":true,"href":"https:\/\/www.ambienteyenergia.gob.ec\/ambiente\/wp-json\/wp\/v2\/users\/13"}],"replies":[{"embeddable":true,"href":"https:\/\/www.ambienteyenergia.gob.ec\/ambiente\/wp-json\/wp\/v2\/comments?post=23916"}],"version-history":[{"count":0,"href":"https:\/\/www.ambienteyenergia.gob.ec\/ambiente\/wp-json\/wp\/v2\/posts\/23916\/revisions"}],"wp:featuredmedia":[{"embeddable":true,"href":"https:\/\/www.ambienteyenergia.gob.ec\/ambiente\/wp-json\/wp\/v2\/media\/23214"}],"wp:attachment":[{"href":"https:\/\/www.ambienteyenergia.gob.ec\/ambiente\/wp-json\/wp\/v2\/media?parent=23916"}],"wp:term":[{"taxonomy":"category","embeddable":true,"href":"https:\/\/www.ambienteyenergia.gob.ec\/ambiente\/wp-json\/wp\/v2\/categories?post=23916"},{"taxonomy":"post_tag","embeddable":true,"href":"https:\/\/www.ambienteyenergia.gob.ec\/ambiente\/wp-json\/wp\/v2\/tags?post=23916"}],"curies":[{"name":"wp","href":"https:\/\/api.w.org\/{rel}","templated":true}]}}