{"id":23899,"date":"2014-12-31T08:12:53","date_gmt":"2014-12-31T13:12:53","guid":{"rendered":"http:\/\/www.ambiente.gob.ec\/?p=23899"},"modified":"2014-12-31T08:12:53","modified_gmt":"2014-12-31T13:12:53","slug":"lorena-tapia-ministra-del-ambiente-aclara-la-culminacion-de-la-cooperacion-alemana-en-asuntos-ambientales","status":"publish","type":"post","link":"https:\/\/www.ambienteyenergia.gob.ec\/ambiente\/lorena-tapia-ministra-del-ambiente-aclara-la-culminacion-de-la-cooperacion-alemana-en-asuntos-ambientales\/","title":{"rendered":"Lorena Tapia, Ministra del Ambiente aclara la culminaci\u00f3n de la Cooperaci\u00f3n Alemana en asuntos ambientales"},"content":{"rendered":"<p style=\"text-align: justify;\">Dentro de una entrevista realizada en un reconocido medio de comunicaci\u00f3n, la Ministra del Ambiente Lorena Tapia se refiri\u00f3 a la terminaci\u00f3n unilateral de la Cooperaci\u00f3n Alemana en temas ambientales; luego de que se anunciara la visita de una delegaci\u00f3n parlamentaria de Alemania planificada del 6 al 9 de diciembre, que tuvo que ser cancelada por parte del Gobierno Ecuatoriano por falta de coordinaci\u00f3n y planificaci\u00f3n.<\/p>\n<p style=\"text-align: justify;\"><em>\u201cLa delegaci\u00f3n alemana que ven\u00eda al Ecuador no cumplieron con el debido proceso de protocolo para visitar el Yasun\u00ed, con una agenda que no guardaba un equilibrio en el sentido de que no tuvo coordinaci\u00f3n con nuestro embajador en Alemania, Jorge Jurado y por otro lado los puntos de la agenda contemplaban algunas reuniones con aquellos que est\u00e1n afirmando que el Gobierno est\u00e1 actuando de manera irresponsable en el Yasun\u00ed , lo cual no cabe principio de respeto en una soberan\u00eda como es la ecuatoriana\u201d <\/em>se\u00f1al\u00f3 Lorena Tapia.<\/p>\n<p style=\"text-align: justify;\">El convenio de cooperaci\u00f3n internacional con Alemania bordea los 36 millones de euros; sin embargo el Ecuador ha recibido 7 millones (alrededor de 8.5 millones de d\u00f3lares) destinados a programas ambientales como Socio Bosque; culminado el convenio el Gobierno ecuatoriano iniciar\u00e1 un proceso operativo para la devoluci\u00f3n del dinero recibido, que estar\u00e1 a cargo de la Secretar\u00eda T\u00e9cnica de Cooperaci\u00f3n Internacional (Seteci).<\/p>\n<p style=\"text-align: justify;\">\u201cEl Ecuador nunca ha bloqueado una visita, lo que el Ecuador reclam\u00f3 la no coordinaci\u00f3n. D\u00e9jeme aclarar que meses atr\u00e1s ya se dio una visita por delegados de Alemania, coordinaron con la embajada de Ecuador en Alemania, hubo un equilibrio en la agenda, se pudieron dar observaciones con la presencia de delegados del Ministerio del Ambiente y esta vez se saltaron todo este protocolo\u201d se\u00f1al\u00f3 Lorena Tapia.<\/p>\n<p style=\"text-align: justify;\">Adem\u00e1s, se aclara que el Programa Socio Bosque y el Fortalecimiento de Gesti\u00f3n de \u00c1reas Protegidas no se ver\u00e1n afectada, ya que el costo ser\u00e1 cubierto con ingresos p\u00fablicos \u201cQue la cooperaci\u00f3n alemana viniera apoy\u00e1ndonos en temas de conservaci\u00f3n siempre ha sido bienvenido con mucho respeto; pero eso no va a verse afectado en t\u00e9rminos de inversi\u00f3n porque va a generarse una puntualizaci\u00f3n de financiamiento a trav\u00e9s de dinero de fondos p\u00fablicos, invitar a la ciudadan\u00eda que est\u00e9 calmada porque la gesti\u00f3n va a continuar\u201d afirm\u00f3 la Ministra del Ambiente Lorena Tapia.<\/p>\n<p style=\"text-align: justify;\">Por otro lado, se destac\u00f3 el gran avance que el Ministerio del Ambiente ha dado en cuento a la entrega de Licencias Ambientales a nivel nacional; en ese sentido, el MAE se ha visto comprometido en establecer requisitos, obligaciones y condiciones que el proyecto autorizado debe cumplir para prevenir, mitigar o remediar los efectos indeseables que pueda causar en el ambiente.<\/p>\n","protected":false},"excerpt":{"rendered":"<p class=\"excerpt\">Dentro de una entrevista realizada en un reconocido medio de comunicaci\u00f3n, la Ministra del Ambiente Lorena Tapia se refiri\u00f3 a la terminaci\u00f3n unilateral de la Cooperaci\u00f3n Alemana en temas ambientales; luego de que se anunciara la visita de una delegaci\u00f3n parlamentaria de Alemania planificada del 6 al 9 de diciembre, que tuvo que ser cancelada por parte del Gobierno Ecuatoriano&hellip; <a href=\"https:\/\/www.ambienteyenergia.gob.ec\/ambiente\/lorena-tapia-ministra-del-ambiente-aclara-la-culminacion-de-la-cooperacion-alemana-en-asuntos-ambientales\/\">Read more &rarr;<\/a><\/p>\n","protected":false},"author":13,"featured_media":23214,"comment_status":"open","ping_status":"open","sticky":false,"template":"","format":"standard","meta":{"footnotes":""},"categories":[16,4],"tags":[],"class_list":["post-23899","post","type-post","status-publish","format-standard","has-post-thumbnail","hentry","category-comunicamos","category-noticias","xfolkentry"],"_links":{"self":[{"href":"https:\/\/www.ambienteyenergia.gob.ec\/ambiente\/wp-json\/wp\/v2\/posts\/23899","targetHints":{"allow":["GET"]}}],"collection":[{"href":"https:\/\/www.ambienteyenergia.gob.ec\/ambiente\/wp-json\/wp\/v2\/posts"}],"about":[{"href":"https:\/\/www.ambienteyenergia.gob.ec\/ambiente\/wp-json\/wp\/v2\/types\/post"}],"author":[{"embeddable":true,"href":"https:\/\/www.ambienteyenergia.gob.ec\/ambiente\/wp-json\/wp\/v2\/users\/13"}],"replies":[{"embeddable":true,"href":"https:\/\/www.ambienteyenergia.gob.ec\/ambiente\/wp-json\/wp\/v2\/comments?post=23899"}],"version-history":[{"count":0,"href":"https:\/\/www.ambienteyenergia.gob.ec\/ambiente\/wp-json\/wp\/v2\/posts\/23899\/revisions"}],"wp:featuredmedia":[{"embeddable":true,"href":"https:\/\/www.ambienteyenergia.gob.ec\/ambiente\/wp-json\/wp\/v2\/media\/23214"}],"wp:attachment":[{"href":"https:\/\/www.ambienteyenergia.gob.ec\/ambiente\/wp-json\/wp\/v2\/media?parent=23899"}],"wp:term":[{"taxonomy":"category","embeddable":true,"href":"https:\/\/www.ambienteyenergia.gob.ec\/ambiente\/wp-json\/wp\/v2\/categories?post=23899"},{"taxonomy":"post_tag","embeddable":true,"href":"https:\/\/www.ambienteyenergia.gob.ec\/ambiente\/wp-json\/wp\/v2\/tags?post=23899"}],"curies":[{"name":"wp","href":"https:\/\/api.w.org\/{rel}","templated":true}]}}