{"id":23895,"date":"2014-12-30T09:14:34","date_gmt":"2014-12-30T14:14:34","guid":{"rendered":"http:\/\/www.ambiente.gob.ec\/?p=23895"},"modified":"2014-12-30T19:21:35","modified_gmt":"2014-12-31T00:21:35","slug":"bajo-estrictas-normas-tecnicas-se-preserva-al-solitario-george-hasta-su-regreso-a-galapagos","status":"publish","type":"post","link":"https:\/\/www.ambienteyenergia.gob.ec\/ambiente\/bajo-estrictas-normas-tecnicas-se-preserva-al-solitario-george-hasta-su-regreso-a-galapagos\/","title":{"rendered":"Bajo estrictas normas t\u00e9cnicas se preserva al Solitario George hasta su regreso a Gal\u00e1pagos"},"content":{"rendered":"<p style=\"text-align: justify;\">Durante casi tres meses miles de personas amantes de la historia del Solitario George visitaron el Museo Americano de Historia Natural, de Nueva York, para conocer de cerca a la emblem\u00e1tica tortuga gigante que se mantiene expuesta desde el 18 de septiembre de 2014 y concluye este 4 de enero pr\u00f3ximo.<\/p>\n<p>Tras un convenio de cooperaci\u00f3n con el museo y luego del proceso de taxidermia, el cuerpo embalsamado del Solitario George, debe ingresar al laboratorio para pasar por una inspecci\u00f3n detallada y la obtenci\u00f3n de un molde en fibra de vidrio que servir\u00e1 para conseguir una r\u00e9plica en bronce fundido, concluido este proceso se prev\u00e9 el retorno de George al pa\u00eds.<\/p>\n<p>Muy cuidadosamente y en manos de expertos, se transportar\u00e1 al gal\u00e1pago m\u00e1s famoso del mundo junto a su r\u00e9plica hasta su casa, el nuevo circuito \u201cFausto Llerena\u201d, de la Direcci\u00f3n del Parque Nacional Gal\u00e1pagos en la isla Santa Cruz, lugar en el que vivi\u00f3 sus \u00faltimos 40 a\u00f1os, donde se construye una infraestructura t\u00e9cnicamente autosustentable y una adecuada sala de interpretaci\u00f3n que brindar\u00e1 todas las garant\u00edas para el mantenimiento del embalsamado George. Se tiene previsto que en la comisi\u00f3n de traslado se encuentre como custodio el guardaparque Fausto Llerena, amigo y compa\u00f1ero del Solitario. La inversi\u00f3n en el nuevo circuito en Gal\u00e1pagos, incluida la sala donde reposar\u00e1 George, es de USD 2,2 millones.<\/p>\n<p>George mantiene una postura con sus extremidades y cuello extendidos, tal cual recib\u00eda a los miles de turistas que lo visitaron en vida. El Solitario George es considerado un bien patrimonial nacional y representa los esfuerzos de conservaci\u00f3n que invierte el Estado ecuatoriano para la supervivencia de las especies de flora y fauna del pa\u00eds, con los cuidados adecuados y retoques anuales, permitir\u00e1 mantener su cuerpo en exhibici\u00f3n por miles de a\u00f1os.<\/p>\n","protected":false},"excerpt":{"rendered":"<p class=\"excerpt\">Durante casi tres meses miles de personas amantes de la historia del Solitario George visitaron el Museo Americano de Historia Natural, de Nueva York, para conocer de cerca a la emblem\u00e1tica tortuga gigante que se mantiene expuesta desde el 18 de septiembre de 2014 y concluye este 4 de enero pr\u00f3ximo. Tras un convenio de cooperaci\u00f3n con el museo y&hellip; <a href=\"https:\/\/www.ambienteyenergia.gob.ec\/ambiente\/bajo-estrictas-normas-tecnicas-se-preserva-al-solitario-george-hasta-su-regreso-a-galapagos\/\">Read more &rarr;<\/a><\/p>\n","protected":false},"author":13,"featured_media":22473,"comment_status":"open","ping_status":"open","sticky":false,"template":"","format":"standard","meta":{"footnotes":""},"categories":[16,4],"tags":[387,263],"class_list":["post-23895","post","type-post","status-publish","format-standard","has-post-thumbnail","hentry","category-comunicamos","category-noticias","tag-mae-lorena-tapia","tag-solitario-george","xfolkentry"],"_links":{"self":[{"href":"https:\/\/www.ambienteyenergia.gob.ec\/ambiente\/wp-json\/wp\/v2\/posts\/23895","targetHints":{"allow":["GET"]}}],"collection":[{"href":"https:\/\/www.ambienteyenergia.gob.ec\/ambiente\/wp-json\/wp\/v2\/posts"}],"about":[{"href":"https:\/\/www.ambienteyenergia.gob.ec\/ambiente\/wp-json\/wp\/v2\/types\/post"}],"author":[{"embeddable":true,"href":"https:\/\/www.ambienteyenergia.gob.ec\/ambiente\/wp-json\/wp\/v2\/users\/13"}],"replies":[{"embeddable":true,"href":"https:\/\/www.ambienteyenergia.gob.ec\/ambiente\/wp-json\/wp\/v2\/comments?post=23895"}],"version-history":[{"count":0,"href":"https:\/\/www.ambienteyenergia.gob.ec\/ambiente\/wp-json\/wp\/v2\/posts\/23895\/revisions"}],"wp:featuredmedia":[{"embeddable":true,"href":"https:\/\/www.ambienteyenergia.gob.ec\/ambiente\/wp-json\/wp\/v2\/media\/22473"}],"wp:attachment":[{"href":"https:\/\/www.ambienteyenergia.gob.ec\/ambiente\/wp-json\/wp\/v2\/media?parent=23895"}],"wp:term":[{"taxonomy":"category","embeddable":true,"href":"https:\/\/www.ambienteyenergia.gob.ec\/ambiente\/wp-json\/wp\/v2\/categories?post=23895"},{"taxonomy":"post_tag","embeddable":true,"href":"https:\/\/www.ambienteyenergia.gob.ec\/ambiente\/wp-json\/wp\/v2\/tags?post=23895"}],"curies":[{"name":"wp","href":"https:\/\/api.w.org\/{rel}","templated":true}]}}