{"id":23893,"date":"2014-12-29T16:45:21","date_gmt":"2014-12-29T21:45:21","guid":{"rendered":"http:\/\/www.ambiente.gob.ec\/?p=23893"},"modified":"2014-12-29T16:45:21","modified_gmt":"2014-12-29T21:45:21","slug":"mae-firma-acta-de-compromiso-con-gad-parroquial-de-tixan-para-restauracion-forestal-en-chimborazo","status":"publish","type":"post","link":"https:\/\/www.ambienteyenergia.gob.ec\/ambiente\/mae-firma-acta-de-compromiso-con-gad-parroquial-de-tixan-para-restauracion-forestal-en-chimborazo\/","title":{"rendered":"MAE firma Acta de Compromiso con GAD Parroquial de Tix\u00e1n para Restauraci\u00f3n Forestal en Chimborazo"},"content":{"rendered":"<p style=\"text-align: justify;\">El Ministerio del Ambiente del Ecuador (MAE) firm\u00f3 una Acta de Convenio con el Gobierno Aut\u00f3nomo Descentralizado de la Parroquia Tix\u00e1n de la provincia de Chimborazo, para su vinculaci\u00f3n al Programa Nacional de Restauraci\u00f3n Forestal.<\/p>\n<p style=\"text-align: justify;\">El evento se desarroll\u00f3 con la presencia de la Ing. Magaly Oviedo Moncayo, Directora Provincial del Ambiente de Chimborazo y el Sr. Ignacio Guam\u00e1n, Presidente del GAD de Tix\u00e1n; quienes acordaron llevar adelante la restauraci\u00f3n forestal de 2 000 hect\u00e1reas (ha.) a trav\u00e9s de la implementaci\u00f3n de bosquetes y sistemas agroforestales en 18 comunidades de la parroquia.<\/p>\n<p style=\"text-align: justify;\">El Plan Nacional de Restauraci\u00f3n que el Ministerio del Ambiente lo ejecuta es parte de la nueva pol\u00edtica de gobernanza del Patrimonio Nacional.\u00a0 Dentro sus ejes estrat\u00e9gicos, incorpora la ejecuci\u00f3n de las diversas actividades de mejoramiento ambiental como la conservaci\u00f3n, la reforestaci\u00f3n, la restauraci\u00f3n pasiva, entre otras actividades.<\/p>\n<p style=\"text-align: justify;\">De esta forma el MAE se compromete a brindar el apoyo y seguimiento al proceso mediante reuniones informativas, verificaci\u00f3n de \u00e1reas y propuestas de financiamiento para la parroquia en menci\u00f3n.<\/p>\n<p style=\"text-align: justify;\">Por su parte, el presidente de la Junta Parroquial Ignacio Guam\u00e1n, felicit\u00f3 al MAE por las acciones emprendidas para la protecci\u00f3n del ambiente en la provincia. \u201dQuiero agradecer al Ministerio del Ambiente y al Presidente del Ecuador por esta oportunidad que nos dan para conservar los suelos y que no solo es para Chimborazo sino para todas las juntas parroquiales del ecuador\u201d, manifest\u00f3.<\/p>\n<p style=\"text-align: justify;\">Mediante estas iniciativas,el Ministerio del Ambiente invita a todos los ciudadanos a continuar trabajando comprometidos para construir juntos un \u201cEcuador Verde\u201d.<\/p>\n","protected":false},"excerpt":{"rendered":"<p class=\"excerpt\">El Ministerio del Ambiente del Ecuador (MAE) firm\u00f3 una Acta de Convenio con el Gobierno Aut\u00f3nomo Descentralizado de la Parroquia Tix\u00e1n de la provincia de Chimborazo, para su vinculaci\u00f3n al Programa Nacional de Restauraci\u00f3n Forestal. El evento se desarroll\u00f3 con la presencia de la Ing. Magaly Oviedo Moncayo, Directora Provincial del Ambiente de Chimborazo y el Sr. Ignacio Guam\u00e1n, Presidente&hellip; <a href=\"https:\/\/www.ambienteyenergia.gob.ec\/ambiente\/mae-firma-acta-de-compromiso-con-gad-parroquial-de-tixan-para-restauracion-forestal-en-chimborazo\/\">Read more &rarr;<\/a><\/p>\n","protected":false},"author":13,"featured_media":23214,"comment_status":"open","ping_status":"open","sticky":false,"template":"","format":"standard","meta":{"footnotes":""},"categories":[16,4],"tags":[],"class_list":["post-23893","post","type-post","status-publish","format-standard","has-post-thumbnail","hentry","category-comunicamos","category-noticias","xfolkentry"],"_links":{"self":[{"href":"https:\/\/www.ambienteyenergia.gob.ec\/ambiente\/wp-json\/wp\/v2\/posts\/23893","targetHints":{"allow":["GET"]}}],"collection":[{"href":"https:\/\/www.ambienteyenergia.gob.ec\/ambiente\/wp-json\/wp\/v2\/posts"}],"about":[{"href":"https:\/\/www.ambienteyenergia.gob.ec\/ambiente\/wp-json\/wp\/v2\/types\/post"}],"author":[{"embeddable":true,"href":"https:\/\/www.ambienteyenergia.gob.ec\/ambiente\/wp-json\/wp\/v2\/users\/13"}],"replies":[{"embeddable":true,"href":"https:\/\/www.ambienteyenergia.gob.ec\/ambiente\/wp-json\/wp\/v2\/comments?post=23893"}],"version-history":[{"count":0,"href":"https:\/\/www.ambienteyenergia.gob.ec\/ambiente\/wp-json\/wp\/v2\/posts\/23893\/revisions"}],"wp:featuredmedia":[{"embeddable":true,"href":"https:\/\/www.ambienteyenergia.gob.ec\/ambiente\/wp-json\/wp\/v2\/media\/23214"}],"wp:attachment":[{"href":"https:\/\/www.ambienteyenergia.gob.ec\/ambiente\/wp-json\/wp\/v2\/media?parent=23893"}],"wp:term":[{"taxonomy":"category","embeddable":true,"href":"https:\/\/www.ambienteyenergia.gob.ec\/ambiente\/wp-json\/wp\/v2\/categories?post=23893"},{"taxonomy":"post_tag","embeddable":true,"href":"https:\/\/www.ambienteyenergia.gob.ec\/ambiente\/wp-json\/wp\/v2\/tags?post=23893"}],"curies":[{"name":"wp","href":"https:\/\/api.w.org\/{rel}","templated":true}]}}