{"id":23891,"date":"2014-12-24T08:06:45","date_gmt":"2014-12-24T13:06:45","guid":{"rendered":"http:\/\/www.ambiente.gob.ec\/?p=23891"},"modified":"2014-12-29T08:09:14","modified_gmt":"2014-12-29T13:09:14","slug":"mae-adquiere-campers-para-la-atencion-emergente-de-fauna-silvestre-rescatada","status":"publish","type":"post","link":"https:\/\/www.ambienteyenergia.gob.ec\/ambiente\/mae-adquiere-campers-para-la-atencion-emergente-de-fauna-silvestre-rescatada\/","title":{"rendered":"MAE adquiere campers para la atenci\u00f3n emergente de fauna silvestre rescatada"},"content":{"rendered":"<p style=\"text-align: justify;\">Una de las principales amenazas para la conservaci\u00f3n de la fauna silvestre en el Ecuador, es el tr\u00e1fico ilegal de animales silvestres, muchos de los espec\u00edmenes decomisados o rescatados llegan en condiciones cr\u00edticas de salud y algunos mueren por la falta de atenci\u00f3n apropiada. Para mitigar esta problem\u00e1tica, el Ministerio del Ambiente del Ecuador (MAE) a trav\u00e9s del Proyecto Desarrollo de Enfoques de Manejo de Paisajes en el Sistema Nacional de \u00c1reas Protegidas del Ecuador para Mejorar la Conservaci\u00f3n de la Vida Silvestre en Peligro de Extinci\u00f3n Mundial, ha adquirido dos campers tipo laboratorio para la atenci\u00f3n emergente de fauna silvestre recatada.<\/p>\n<p style=\"text-align: justify;\">Uno de los campers fue ubicado en la ciudad de Baeza y el otro camper fue colocado en el Puerto Francisco de Orellana. Estas dos zonas fueron seleccionadas por tener ubicaciones estrat\u00e9gicas en el rescate y recuperaci\u00f3n de animales v\u00edctimas del tr\u00e1fico silvestre.<\/p>\n<p style=\"text-align: justify;\">Estas unidades de atenci\u00f3n contar\u00e1n con personal m\u00e9dico veterinario especializado y con el equipamiento adecuado para brindar atenci\u00f3n inmediata a los animales silvestres heridos o enfermos que han sido v\u00edctimas del tr\u00e1fico ilegal. En algunos casos, esta atenci\u00f3n oportuna permitir\u00e1 la reinserci\u00f3n de los animales a su medio natural.<\/p>\n<p style=\"text-align: justify;\">El MAE como principal Autoridad Ambiental del pa\u00eds, continuar\u00e1 en su trabajo de control de vida silvestre con el objetivo de precautelar el bienestar de estas especies.<\/p>\n","protected":false},"excerpt":{"rendered":"<p class=\"excerpt\">Una de las principales amenazas para la conservaci\u00f3n de la fauna silvestre en el Ecuador, es el tr\u00e1fico ilegal de animales silvestres, muchos de los espec\u00edmenes decomisados o rescatados llegan en condiciones cr\u00edticas de salud y algunos mueren por la falta de atenci\u00f3n apropiada. Para mitigar esta problem\u00e1tica, el Ministerio del Ambiente del Ecuador (MAE) a trav\u00e9s del Proyecto Desarrollo&hellip; <a href=\"https:\/\/www.ambienteyenergia.gob.ec\/ambiente\/mae-adquiere-campers-para-la-atencion-emergente-de-fauna-silvestre-rescatada\/\">Read more &rarr;<\/a><\/p>\n","protected":false},"author":13,"featured_media":23214,"comment_status":"open","ping_status":"open","sticky":false,"template":"","format":"standard","meta":{"footnotes":""},"categories":[16,4],"tags":[],"class_list":["post-23891","post","type-post","status-publish","format-standard","has-post-thumbnail","hentry","category-comunicamos","category-noticias","xfolkentry"],"_links":{"self":[{"href":"https:\/\/www.ambienteyenergia.gob.ec\/ambiente\/wp-json\/wp\/v2\/posts\/23891","targetHints":{"allow":["GET"]}}],"collection":[{"href":"https:\/\/www.ambienteyenergia.gob.ec\/ambiente\/wp-json\/wp\/v2\/posts"}],"about":[{"href":"https:\/\/www.ambienteyenergia.gob.ec\/ambiente\/wp-json\/wp\/v2\/types\/post"}],"author":[{"embeddable":true,"href":"https:\/\/www.ambienteyenergia.gob.ec\/ambiente\/wp-json\/wp\/v2\/users\/13"}],"replies":[{"embeddable":true,"href":"https:\/\/www.ambienteyenergia.gob.ec\/ambiente\/wp-json\/wp\/v2\/comments?post=23891"}],"version-history":[{"count":0,"href":"https:\/\/www.ambienteyenergia.gob.ec\/ambiente\/wp-json\/wp\/v2\/posts\/23891\/revisions"}],"wp:featuredmedia":[{"embeddable":true,"href":"https:\/\/www.ambienteyenergia.gob.ec\/ambiente\/wp-json\/wp\/v2\/media\/23214"}],"wp:attachment":[{"href":"https:\/\/www.ambienteyenergia.gob.ec\/ambiente\/wp-json\/wp\/v2\/media?parent=23891"}],"wp:term":[{"taxonomy":"category","embeddable":true,"href":"https:\/\/www.ambienteyenergia.gob.ec\/ambiente\/wp-json\/wp\/v2\/categories?post=23891"},{"taxonomy":"post_tag","embeddable":true,"href":"https:\/\/www.ambienteyenergia.gob.ec\/ambiente\/wp-json\/wp\/v2\/tags?post=23891"}],"curies":[{"name":"wp","href":"https:\/\/api.w.org\/{rel}","templated":true}]}}