{"id":23887,"date":"2014-12-24T16:43:16","date_gmt":"2014-12-24T21:43:16","guid":{"rendered":"http:\/\/www.ambiente.gob.ec\/?p=23887"},"modified":"2014-12-24T16:43:16","modified_gmt":"2014-12-24T21:43:16","slug":"mae-y-snap-premiaron-a-ganadores-del-ii-concurso-interinstitucional-de-pesebres-ecologicos","status":"publish","type":"post","link":"https:\/\/www.ambienteyenergia.gob.ec\/ambiente\/mae-y-snap-premiaron-a-ganadores-del-ii-concurso-interinstitucional-de-pesebres-ecologicos\/","title":{"rendered":"MAE y SNAP premiaron a ganadores del II Concurso Interinstitucional de Pesebres Ecol\u00f3gicos"},"content":{"rendered":"<p align=\"JUSTIFY\"><span style=\"font-family: Calibri, sans-serif;\">El Ministerio del Ambiente de Ecuador (MAE), en una iniciativa conjunta con la Secretar\u00eda Nacional de la Administraci\u00f3n P\u00fablica (SNAP) realizaron la premiaci\u00f3n de los ganadores del II Concursos Interinstitucional de Pesebres Ecol\u00f3gicos que se llev\u00f3 a acabo desde el pasado jueves en cerca de 15 instituciones del sector p\u00fablico que participaron activamente de esta convocatoria.<\/span><\/p>\n<p align=\"JUSTIFY\"><span style=\"font-family: Calibri, sans-serif;\">Esta actividad tiene como finalidad promover las Buenas Pr\u00e1cticas Ambientales en las entidades del sector p\u00fablico, con el objetivo de promover y difundir la importancia del uso de materiales alternativos y reusables para la elaboraci\u00f3n de pesebres y adornos navide\u00f1os, as\u00ed como motivar a los funcionarios a adoptar este tipo de h\u00e1bitos en favor del ambiente.<\/span><\/p>\n<p align=\"JUSTIFY\"><span style=\"font-family: Calibri, sans-serif;\">Durante el acto de premiaci\u00f3n realizado en las instalaciones del MAE, cerca de 20 representantes de las instituciones participantes pudieron conocer los ganadores del concurso que tuvo como requisito la utilizaci\u00f3n de materiales reusados alternativos, creatividad, menor cantidad de residuos durante el desmontaje y cantidad de funcionarios que participaron en el montaje.<\/span><\/p>\n<p align=\"JUSTIFY\"><span style=\"font-family: Calibri, sans-serif;\">Los ganadores de esta segunda edici\u00f3n del concurso fueron:<\/span><\/p>\n<p align=\"JUSTIFY\"><span style=\"font-family: Calibri, sans-serif;\"><strong>Primer lugar<\/strong>: Ministerio de Inclusi\u00f3n Econ\u00f3mica y Social (MIES)<\/span><\/p>\n<p align=\"JUSTIFY\"><span style=\"font-family: Calibri, sans-serif;\"><strong>Segundo lugar:<\/strong> Servicio de Contrataci\u00f3n de Obras (SECOB), y<\/span><\/p>\n<p align=\"JUSTIFY\"><span style=\"font-family: Calibri, sans-serif;\"><strong>Tercer lugar:<\/strong> Secretar\u00eda Nacional del Agua (SENAGUA)<\/span><\/p>\n<p align=\"JUSTIFY\"><span style=\"font-family: Calibri, sans-serif;\">Adem\u00e1s, todas las instituciones participantes recibieron un reconocimiento por su inter\u00e9s en ser parte de un Ecuador Verde, a trav\u00e9s de iniciativas sostenibles para el cuidado del ambiente.\/ds<\/span><\/p>\n","protected":false},"excerpt":{"rendered":"<p class=\"excerpt\">El Ministerio del Ambiente de Ecuador (MAE), en una iniciativa conjunta con la Secretar\u00eda Nacional de la Administraci\u00f3n P\u00fablica (SNAP) realizaron la premiaci\u00f3n de los ganadores del II Concursos Interinstitucional de Pesebres Ecol\u00f3gicos que se llev\u00f3 a acabo desde el pasado jueves en cerca de 15 instituciones del sector p\u00fablico que participaron activamente de esta convocatoria. Esta actividad tiene como&hellip; <a href=\"https:\/\/www.ambienteyenergia.gob.ec\/ambiente\/mae-y-snap-premiaron-a-ganadores-del-ii-concurso-interinstitucional-de-pesebres-ecologicos\/\">Read more &rarr;<\/a><\/p>\n","protected":false},"author":13,"featured_media":23888,"comment_status":"open","ping_status":"open","sticky":false,"template":"","format":"standard","meta":{"footnotes":""},"categories":[16,4],"tags":[613,108,53,614],"class_list":["post-23887","post","type-post","status-publish","format-standard","has-post-thumbnail","hentry","category-comunicamos","category-noticias","tag-concurso","tag-lorena-tapia","tag-mae","tag-pesebres-ecologicos","xfolkentry"],"_links":{"self":[{"href":"https:\/\/www.ambienteyenergia.gob.ec\/ambiente\/wp-json\/wp\/v2\/posts\/23887","targetHints":{"allow":["GET"]}}],"collection":[{"href":"https:\/\/www.ambienteyenergia.gob.ec\/ambiente\/wp-json\/wp\/v2\/posts"}],"about":[{"href":"https:\/\/www.ambienteyenergia.gob.ec\/ambiente\/wp-json\/wp\/v2\/types\/post"}],"author":[{"embeddable":true,"href":"https:\/\/www.ambienteyenergia.gob.ec\/ambiente\/wp-json\/wp\/v2\/users\/13"}],"replies":[{"embeddable":true,"href":"https:\/\/www.ambienteyenergia.gob.ec\/ambiente\/wp-json\/wp\/v2\/comments?post=23887"}],"version-history":[{"count":0,"href":"https:\/\/www.ambienteyenergia.gob.ec\/ambiente\/wp-json\/wp\/v2\/posts\/23887\/revisions"}],"wp:featuredmedia":[{"embeddable":true,"href":"https:\/\/www.ambienteyenergia.gob.ec\/ambiente\/wp-json\/wp\/v2\/media\/23888"}],"wp:attachment":[{"href":"https:\/\/www.ambienteyenergia.gob.ec\/ambiente\/wp-json\/wp\/v2\/media?parent=23887"}],"wp:term":[{"taxonomy":"category","embeddable":true,"href":"https:\/\/www.ambienteyenergia.gob.ec\/ambiente\/wp-json\/wp\/v2\/categories?post=23887"},{"taxonomy":"post_tag","embeddable":true,"href":"https:\/\/www.ambienteyenergia.gob.ec\/ambiente\/wp-json\/wp\/v2\/tags?post=23887"}],"curies":[{"name":"wp","href":"https:\/\/api.w.org\/{rel}","templated":true}]}}