{"id":23881,"date":"2014-12-24T09:13:46","date_gmt":"2014-12-24T14:13:46","guid":{"rendered":"http:\/\/www.ambiente.gob.ec\/?p=23881"},"modified":"2014-12-24T09:13:46","modified_gmt":"2014-12-24T14:13:46","slug":"mae-apoya-tecnicamente-a-comision-interinstitucional-para-implementar-la-resolucion-que-reducira-el-consumo-de-plasticos-en-galapagos","status":"publish","type":"post","link":"https:\/\/www.ambienteyenergia.gob.ec\/ambiente\/mae-apoya-tecnicamente-a-comision-interinstitucional-para-implementar-la-resolucion-que-reducira-el-consumo-de-plasticos-en-galapagos\/","title":{"rendered":"MAE apoya t\u00e9cnicamente a Comisi\u00f3n Interinstitucional para implementar la resoluci\u00f3n que reducir\u00e1 el consumo de pl\u00e1sticos en Gal\u00e1pagos"},"content":{"rendered":"<p class=\"western\" align=\"JUSTIFY\"><span style=\"font-family: Arial, sans-serif;\">Un Comit\u00e9 Interinstitucional fue implementado en las islas Gal\u00e1pagos para tratar el tema de la Resoluci\u00f3n 038-CGREG-XI-2014 que impulsa la reducci\u00f3n en el consumo de pl\u00e1sticos en esta provincia. <\/span><\/p>\n<p class=\"western\" align=\"JUSTIFY\"><span style=\"font-family: Arial, sans-serif;\"><span lang=\"es-ES\">Esta Comisi\u00f3n<\/span><\/span><span style=\"font-family: Arial, sans-serif;\"><span lang=\"es-ES\"> est\u00e1 conformada por el Consejo de Gobierno de R\u00e9gimen Especial de Gal\u00e1pagos, Ministerio del Ambiente, a trav\u00e9s de la Direcci\u00f3n del Parque Nacional Gal\u00e1pagos, el Ministerio de Turismo, los Municipios de San Crist\u00f3bal, Santa Cruz e Isabela, la World Wildlife Fund (WWF) y miembros de la comunidad. <\/span><\/span><\/p>\n<p class=\"western\" align=\"JUSTIFY\"><span style=\"font-family: Arial, sans-serif;\"><span lang=\"es-ES\">En este sentido, el Programa Nacional para la Gesti\u00f3n Integral de Desechos S\u00f3lidos (PNGIDS) apoyar<\/span><\/span><span style=\"font-family: Arial, sans-serif;\"><span lang=\"es-ES\">\u00e1 <\/span><\/span><span style=\"font-family: Arial, sans-serif;\"><span lang=\"es-ES\">las acciones para la puesta en marcha del plan de ejecuci\u00f3n para reducir el uso de fundas de pl\u00e1stico, sorbetes pl\u00e1sticos en restaurantes, vasos desechables de pl\u00e1stico, vasos y platos de poliestireno extendido (espuma-flex \/ estereof\u00f3n) y tarrinas de pl\u00e1stico desechables.<\/span><\/span><\/p>\n<p class=\"western\" align=\"JUSTIFY\"><span style=\"font-family: Arial, sans-serif;\">Durante la semana del 15 al 18 de diciembre se realizaron importantes reuniones de coordinaci\u00f3n entre los diferentes actores para la ejecuci\u00f3n de este importante proyecto. <\/span><\/p>\n<p class=\"western\" align=\"JUSTIFY\"><span style=\"font-family: Arial, sans-serif;\">Cabe destacar que mediante la aplicaci\u00f3n de esta pol\u00edtica p\u00fablica se reducir\u00edan <\/span><span style=\"font-family: Arial, sans-serif;\"><span lang=\"es-ES\">alrededor de 4,5 millones de fundas pl\u00e1sticas anuales en el Archipi\u00e9lago.\/<\/span><\/span><span style=\"font-family: Arial, sans-serif;\"><span lang=\"es-ES\">ba-ds<\/span><\/span><\/p>\n","protected":false},"excerpt":{"rendered":"<p class=\"excerpt\">Un Comit\u00e9 Interinstitucional fue implementado en las islas Gal\u00e1pagos para tratar el tema de la Resoluci\u00f3n 038-CGREG-XI-2014 que impulsa la reducci\u00f3n en el consumo de pl\u00e1sticos en esta provincia. Esta Comisi\u00f3n est\u00e1 conformada por el Consejo de Gobierno de R\u00e9gimen Especial de Gal\u00e1pagos, Ministerio del Ambiente, a trav\u00e9s de la Direcci\u00f3n del Parque Nacional Gal\u00e1pagos, el Ministerio de Turismo, los&hellip; <a href=\"https:\/\/www.ambienteyenergia.gob.ec\/ambiente\/mae-apoya-tecnicamente-a-comision-interinstitucional-para-implementar-la-resolucion-que-reducira-el-consumo-de-plasticos-en-galapagos\/\">Read more &rarr;<\/a><\/p>\n","protected":false},"author":13,"featured_media":23882,"comment_status":"open","ping_status":"open","sticky":false,"template":"","format":"standard","meta":{"footnotes":""},"categories":[16,4],"tags":[610,108,53,611,90],"class_list":["post-23881","post","type-post","status-publish","format-standard","has-post-thumbnail","hentry","category-comunicamos","category-noticias","tag-galapagos-limpio","tag-lorena-tapia","tag-mae","tag-png","tag-pngids","xfolkentry"],"_links":{"self":[{"href":"https:\/\/www.ambienteyenergia.gob.ec\/ambiente\/wp-json\/wp\/v2\/posts\/23881","targetHints":{"allow":["GET"]}}],"collection":[{"href":"https:\/\/www.ambienteyenergia.gob.ec\/ambiente\/wp-json\/wp\/v2\/posts"}],"about":[{"href":"https:\/\/www.ambienteyenergia.gob.ec\/ambiente\/wp-json\/wp\/v2\/types\/post"}],"author":[{"embeddable":true,"href":"https:\/\/www.ambienteyenergia.gob.ec\/ambiente\/wp-json\/wp\/v2\/users\/13"}],"replies":[{"embeddable":true,"href":"https:\/\/www.ambienteyenergia.gob.ec\/ambiente\/wp-json\/wp\/v2\/comments?post=23881"}],"version-history":[{"count":0,"href":"https:\/\/www.ambienteyenergia.gob.ec\/ambiente\/wp-json\/wp\/v2\/posts\/23881\/revisions"}],"wp:featuredmedia":[{"embeddable":true,"href":"https:\/\/www.ambienteyenergia.gob.ec\/ambiente\/wp-json\/wp\/v2\/media\/23882"}],"wp:attachment":[{"href":"https:\/\/www.ambienteyenergia.gob.ec\/ambiente\/wp-json\/wp\/v2\/media?parent=23881"}],"wp:term":[{"taxonomy":"category","embeddable":true,"href":"https:\/\/www.ambienteyenergia.gob.ec\/ambiente\/wp-json\/wp\/v2\/categories?post=23881"},{"taxonomy":"post_tag","embeddable":true,"href":"https:\/\/www.ambienteyenergia.gob.ec\/ambiente\/wp-json\/wp\/v2\/tags?post=23881"}],"curies":[{"name":"wp","href":"https:\/\/api.w.org\/{rel}","templated":true}]}}