{"id":23875,"date":"2014-12-23T09:49:07","date_gmt":"2014-12-23T14:49:07","guid":{"rendered":"http:\/\/www.ambiente.gob.ec\/?p=23875"},"modified":"2014-12-23T09:52:29","modified_gmt":"2014-12-23T14:52:29","slug":"mae-firma-convenio-de-forestacion-y-reforestacion-de-manglar","status":"publish","type":"post","link":"https:\/\/www.ambienteyenergia.gob.ec\/ambiente\/mae-firma-convenio-de-forestacion-y-reforestacion-de-manglar\/","title":{"rendered":"MAE firma Convenio de Forestaci\u00f3n y Reforestaci\u00f3n de manglar"},"content":{"rendered":"<p style=\"text-align: justify;\"><span lang=\"es-EC\">El Ministerio del Ambiente de Ecuador (MAE), a trav\u00e9s de la Subsecretar\u00eda de Gesti\u00f3n Marina y Costera (SGMC), la Fundaci\u00f3n Calisur y la Cooperativa de Producci\u00f3n Pesquera y Artesanal Nuevo Porvenir firmaron el Convenio de Forestaci\u00f3n y Reforestaci\u00f3n entre la Fundaci\u00f3n Alianza de Camaroneros del Litoral del Sur y la Cooperativa de Producci\u00f3n Pesquera Artesanal Nuevo Porvenir por un periodo de 5 a\u00f1os, cuyo objetivo se orienta a desarrollar actividades conjuntas de restauraci\u00f3n de manglar en zonas de playas y bah\u00eda del sector Naranjal.<\/span><\/p>\n<p style=\"text-align: justify;\"><span lang=\"es-EC\">Entre los compromisos de la Cooperativa de Producci\u00f3n Pesquera Artesanal Nuevo Porvenir est\u00e1 el de informar a las autoridades de la SGMC sobre los resultados de las experiencias que se desarrollen en el \u00e1rea custodiada.<\/span><\/p>\n<p style=\"text-align: justify;\"><span lang=\"es-EC\">Alonso Mejillones, administrador del vivero de la Cooperativa habl\u00f3 sobre los alcances de este proyecto e indic\u00f3 que este tipo de iniciativas impulsan el cuidado del manglar, garantizando adem\u00e1s la conservaci\u00f3n de los recursos asociados a este ecosistema, que representa un beneficio para las cooperativas y asociaciones que subsisten de su extracci\u00f3n sostenible y responsable.<\/span><\/p>\n<p style=\"text-align: justify;\"><span lang=\"es-EC\">Por su parte, Eli\u00e9cer Cruz Bed\u00f3n, Subsecretario de la SGMC hizo hincapi\u00e9 en la importancia de la protecci\u00f3n y cuidado del manglar. Adem\u00e1s, record\u00f3 a los asociados, que ellos son los guardianes de este ecosistema e invit\u00f3 a los presentes a que se unan al Programa Nacional de Incentivos Socio Bosque cap\u00edtulo Socio Manglar, con el objetivo de potenciar el cuidado y protecci\u00f3n de este ecosistema.<\/span><\/p>\n<p style=\"text-align: justify;\">Como parte de esta actividad se realiz\u00f3 adem\u00e1s la entrega de canastas navide\u00f1as a varias cooperativas pesqueras en los cantones Balao y Naranjal de la provincia del Guayas, como una iniciativa conjunta entre el MAE, cooperativas y asociaciones pesqueras y cangrejeras.\/gr-ds<\/p>\n","protected":false},"excerpt":{"rendered":"<p class=\"excerpt\">El Ministerio del Ambiente de Ecuador (MAE), a trav\u00e9s de la Subsecretar\u00eda de Gesti\u00f3n Marina y Costera (SGMC), la Fundaci\u00f3n Calisur y la Cooperativa de Producci\u00f3n Pesquera y Artesanal Nuevo Porvenir firmaron el Convenio de Forestaci\u00f3n y Reforestaci\u00f3n entre la Fundaci\u00f3n Alianza de Camaroneros del Litoral del Sur y la Cooperativa de Producci\u00f3n Pesquera Artesanal Nuevo Porvenir por un periodo&hellip; <a href=\"https:\/\/www.ambienteyenergia.gob.ec\/ambiente\/mae-firma-convenio-de-forestacion-y-reforestacion-de-manglar\/\">Read more &rarr;<\/a><\/p>\n","protected":false},"author":13,"featured_media":23876,"comment_status":"open","ping_status":"open","sticky":false,"template":"","format":"standard","meta":{"footnotes":""},"categories":[16,4],"tags":[609,608,338,108,53,85,52,603],"class_list":["post-23875","post","type-post","status-publish","format-standard","has-post-thumbnail","hentry","category-comunicamos","category-noticias","tag-convenio","tag-firma","tag-forestacion","tag-lorena-tapia","tag-mae","tag-reforestacion","tag-socio-bosque","tag-socio-manglar","xfolkentry"],"_links":{"self":[{"href":"https:\/\/www.ambienteyenergia.gob.ec\/ambiente\/wp-json\/wp\/v2\/posts\/23875","targetHints":{"allow":["GET"]}}],"collection":[{"href":"https:\/\/www.ambienteyenergia.gob.ec\/ambiente\/wp-json\/wp\/v2\/posts"}],"about":[{"href":"https:\/\/www.ambienteyenergia.gob.ec\/ambiente\/wp-json\/wp\/v2\/types\/post"}],"author":[{"embeddable":true,"href":"https:\/\/www.ambienteyenergia.gob.ec\/ambiente\/wp-json\/wp\/v2\/users\/13"}],"replies":[{"embeddable":true,"href":"https:\/\/www.ambienteyenergia.gob.ec\/ambiente\/wp-json\/wp\/v2\/comments?post=23875"}],"version-history":[{"count":0,"href":"https:\/\/www.ambienteyenergia.gob.ec\/ambiente\/wp-json\/wp\/v2\/posts\/23875\/revisions"}],"wp:featuredmedia":[{"embeddable":true,"href":"https:\/\/www.ambienteyenergia.gob.ec\/ambiente\/wp-json\/wp\/v2\/media\/23876"}],"wp:attachment":[{"href":"https:\/\/www.ambienteyenergia.gob.ec\/ambiente\/wp-json\/wp\/v2\/media?parent=23875"}],"wp:term":[{"taxonomy":"category","embeddable":true,"href":"https:\/\/www.ambienteyenergia.gob.ec\/ambiente\/wp-json\/wp\/v2\/categories?post=23875"},{"taxonomy":"post_tag","embeddable":true,"href":"https:\/\/www.ambienteyenergia.gob.ec\/ambiente\/wp-json\/wp\/v2\/tags?post=23875"}],"curies":[{"name":"wp","href":"https:\/\/api.w.org\/{rel}","templated":true}]}}