{"id":23867,"date":"2014-12-22T16:48:14","date_gmt":"2014-12-22T21:48:14","guid":{"rendered":"http:\/\/www.ambiente.gob.ec\/?p=23867"},"modified":"2014-12-22T16:48:14","modified_gmt":"2014-12-22T21:48:14","slug":"mae-dicto-charla-sobre-recursos-geneticos-a-estudiantes-de-la-espoch","status":"publish","type":"post","link":"https:\/\/www.ambienteyenergia.gob.ec\/ambiente\/mae-dicto-charla-sobre-recursos-geneticos-a-estudiantes-de-la-espoch\/","title":{"rendered":"MAE dict\u00f3 charla sobre Recursos Gen\u00e9ticos a estudiantes de la ESPOCH"},"content":{"rendered":"<p align=\"JUSTIFY\"><span style=\"color: #000000;\"><span style=\"font-family: Arial, serif;\"><span lang=\"es-EC\">L<\/span><\/span><\/span><span style=\"color: #000000;\"><span style=\"font-family: Arial, serif;\"><span lang=\"es-EC\">a Unidad de Acceso a Recursos Gen\u00e9ticos de la Direcci\u00f3n Nacional de Biodiversidad del Ministerio del Ambiente (MAE) dict\u00f3 una charla a estudiantes y docentes de la facultad de Ciencias de la Escuela Superior Polit\u00e9cnica de Chimborazo (ESPOCH), sobre el \u201cReglamento Nacional al R\u00e9gimen Com\u00fan Sobre el Acceso a los Recursos Gen\u00e9ticos\u201d.<\/span><\/span><\/span><\/p>\n<p align=\"JUSTIFY\"><span style=\"color: #000000;\"><span style=\"font-family: Arial, serif;\"><span lang=\"es-EC\">200 estudiantes de los \u00faltimos semestres de las carreras de Ingenier\u00eda Qu\u00edmica e <\/span><\/span><\/span><span style=\"color: #000000;\"><span style=\"font-family: Arial, serif;\"><span lang=\"es-EC\">In<\/span><\/span><\/span><span style=\"color: #000000;\"><span style=\"font-family: Arial, serif;\"><span lang=\"es-EC\">genier\u00eda en Biotecnolog\u00eda Ambiental<\/span><\/span><\/span><span style=\"color: #000000;\"><span style=\"font-family: Arial, serif;\"><span lang=\"es-EC\"><b>, <\/b><\/span><\/span><\/span><span style=\"color: #000000;\"><span style=\"font-family: Arial, serif;\"><span lang=\"es-EC\">asistieron al auditorio para conocer la utilizaci\u00f3n y la conservaci\u00f3n de los Recursos Gen\u00e9ticos (RG), la investigaci\u00f3n cient\u00edfica moderna sobre los RG, los beneficios que se deriven de <\/span><\/span><\/span><span style=\"color: #000000;\"><span style=\"font-family: Arial, serif;\"><span lang=\"es-EC\">su <\/span><\/span><\/span><span style=\"color: #000000;\"><span style=\"font-family: Arial, serif;\"><span lang=\"es-EC\">utilizaci\u00f3n y la utilizaci\u00f3n sostenible de sus componentes.<\/span><\/span><\/span><\/p>\n<p lang=\"es-EC\" align=\"JUSTIFY\"><span style=\"color: #000000;\"><span style=\"font-family: Arial, serif;\">Durante 2 horas, funcionarios del MAE explicaron en la charla informativa los componentes de la biodiversidad, tipos de ecosistemas, especies de plantas, especies de fauna en el mundo y todo el material natural biol\u00f3gico que contiene informaci\u00f3n gen\u00e9tica de valor o utilidad real o potencial para la investigaci\u00f3n.<\/span><\/span><\/p>\n<p lang=\"es-EC\" align=\"JUSTIFY\"><span style=\"color: #000000;\"><span style=\"font-family: Arial, serif;\">Adem\u00e1s se explic\u00f3 los procedimientos para la obtenci\u00f3n de permisos para la investigaci\u00f3n con recursos gen\u00e9ticos, la aplicaci\u00f3n del Reglamento Nacional al R\u00e9gimen Com\u00fan sobre Acceso a los Recursos Gen\u00e9ticos en aplicaci\u00f3n a la Decisi\u00f3n 391 de la Comunidad Andina.<\/span><\/span><\/p>\n<p align=\"JUSTIFY\"><span style=\"color: #000000;\"><span style=\"font-family: Arial, serif;\"><span lang=\"es-EC\">El MAE promueve herramientas y mecanismos para fortalecer los conocimientos y habilidades de los estudiantes universitarios en materia ambiental, con el objetivo de incrementar el desarrollo y formaci\u00f3n profesional para el manejo responsable de los recursos naturales.\/<\/span><\/span><\/span><span style=\"color: #000000;\"><span style=\"font-family: Arial, serif;\"><span lang=\"es-EC\">hc-ds<\/span><\/span><\/span><\/p>\n","protected":false},"excerpt":{"rendered":"<p class=\"excerpt\">La Unidad de Acceso a Recursos Gen\u00e9ticos de la Direcci\u00f3n Nacional de Biodiversidad del Ministerio del Ambiente (MAE) dict\u00f3 una charla a estudiantes y docentes de la facultad de Ciencias de la Escuela Superior Polit\u00e9cnica de Chimborazo (ESPOCH), sobre el \u201cReglamento Nacional al R\u00e9gimen Com\u00fan Sobre el Acceso a los Recursos Gen\u00e9ticos\u201d. 200 estudiantes de los \u00faltimos semestres de las&hellip; <a href=\"https:\/\/www.ambienteyenergia.gob.ec\/ambiente\/mae-dicto-charla-sobre-recursos-geneticos-a-estudiantes-de-la-espoch\/\">Read more &rarr;<\/a><\/p>\n","protected":false},"author":13,"featured_media":23868,"comment_status":"open","ping_status":"open","sticky":false,"template":"","format":"standard","meta":{"footnotes":""},"categories":[16,4],"tags":[453,108,53,451],"class_list":["post-23867","post","type-post","status-publish","format-standard","has-post-thumbnail","hentry","category-comunicamos","category-noticias","tag-capacitacion","tag-lorena-tapia","tag-mae","tag-recursos-geneticos","xfolkentry"],"_links":{"self":[{"href":"https:\/\/www.ambienteyenergia.gob.ec\/ambiente\/wp-json\/wp\/v2\/posts\/23867","targetHints":{"allow":["GET"]}}],"collection":[{"href":"https:\/\/www.ambienteyenergia.gob.ec\/ambiente\/wp-json\/wp\/v2\/posts"}],"about":[{"href":"https:\/\/www.ambienteyenergia.gob.ec\/ambiente\/wp-json\/wp\/v2\/types\/post"}],"author":[{"embeddable":true,"href":"https:\/\/www.ambienteyenergia.gob.ec\/ambiente\/wp-json\/wp\/v2\/users\/13"}],"replies":[{"embeddable":true,"href":"https:\/\/www.ambienteyenergia.gob.ec\/ambiente\/wp-json\/wp\/v2\/comments?post=23867"}],"version-history":[{"count":0,"href":"https:\/\/www.ambienteyenergia.gob.ec\/ambiente\/wp-json\/wp\/v2\/posts\/23867\/revisions"}],"wp:featuredmedia":[{"embeddable":true,"href":"https:\/\/www.ambienteyenergia.gob.ec\/ambiente\/wp-json\/wp\/v2\/media\/23868"}],"wp:attachment":[{"href":"https:\/\/www.ambienteyenergia.gob.ec\/ambiente\/wp-json\/wp\/v2\/media?parent=23867"}],"wp:term":[{"taxonomy":"category","embeddable":true,"href":"https:\/\/www.ambienteyenergia.gob.ec\/ambiente\/wp-json\/wp\/v2\/categories?post=23867"},{"taxonomy":"post_tag","embeddable":true,"href":"https:\/\/www.ambienteyenergia.gob.ec\/ambiente\/wp-json\/wp\/v2\/tags?post=23867"}],"curies":[{"name":"wp","href":"https:\/\/api.w.org\/{rel}","templated":true}]}}