{"id":23863,"date":"2014-12-22T08:38:16","date_gmt":"2014-12-22T13:38:16","guid":{"rendered":"http:\/\/www.ambiente.gob.ec\/?p=23863"},"modified":"2014-12-22T08:42:22","modified_gmt":"2014-12-22T13:42:22","slug":"mae-presenta-plan-de-conservacion-de-areas-naturales-y-la-homogenizacion-de-la-ley-forestal","status":"publish","type":"post","link":"https:\/\/www.ambienteyenergia.gob.ec\/ambiente\/mae-presenta-plan-de-conservacion-de-areas-naturales-y-la-homogenizacion-de-la-ley-forestal\/","title":{"rendered":"MAE presenta Plan de Conservacion de \u00c1reas Naturales y la homogenizaci\u00f3n de la ley forestal"},"content":{"rendered":"<p style=\"text-align: justify;\">El pasado 19 de diciembre de 2014 el Ministerio del Ambiente realiz\u00f3 el Taller Forestal, Capacitaci\u00f3n y normativa calidad para los Directores Provinciales de la Naci\u00f3n.<\/p>\n<p style=\"text-align: justify;\">En este espacio se dio conocer sobre la sustanciaci\u00f3n de procesos administrativos, homogenizaci\u00f3n de aplicaci\u00f3n de la Ley Forestal y de Conservaci\u00f3n de \u00c1reas Naturales y Vida Silvestre. As\u00ed como, dar las directrices de las estrategias para optimizar la gesti\u00f3n forestal en territorio para el 2015 evaluando resultados del 2014.<\/p>\n<p style=\"text-align: justify;\">Para el pr\u00f3ximo a\u00f1o el MAE ha planificado implementar 5 puntos desde la Direcci\u00f3n Nacional Forestal:<\/p>\n<p style=\"text-align: justify;\">1.- Un Sistema Nacional de trazabilidad en los eslabones de la cadena productiva forestal.- Tecnolog\u00edas Forestales \u2013 Investigaci\u00f3n Forestal.<\/p>\n<p style=\"text-align: justify;\">2.- Un proceso de monitoreo a superficies de bosques y vegetaci\u00f3n protectores declarados.<\/p>\n<p style=\"text-align: justify;\">3.- Asegurar la correcta aprobaci\u00f3n de Programas de manejo Forestal a nivel nacional mediante el Sistema de Administraci\u00f3n Forestal SAF2.<\/p>\n<p style=\"text-align: justify;\">4.- Desarrollar una reforma al marco legal del patrimonio forestal nacional, incluyendo las normas secundarias para su aplicaci\u00f3n.<\/p>\n<p style=\"text-align: justify;\">5.- Una Estrategia Nacional de Prevenci\u00f3n y Control de Incendios Forestales, mediante el programa Amazon\u00eda sin Fuegos.<\/p>\n<p style=\"text-align: justify;\">En este marco, la Ing. Lorena S\u00e1nchez Viceministra del Ministerio del Ambiente se\u00f1al\u00f3: \u201cCon la visi\u00f3n de la implementaci\u00f3n y certificaci\u00f3n de un Sistema de Gesti\u00f3n de Calidad en el Ministerio del Ambiente, para el a\u00f1o 2015; es necesario introducir conocimientos b\u00e1sicos de la norma ISO 9001 e Incrementar la efectividad en la gesti\u00f3n del Patrimonio Forestal del Estado, Bosques y Vegetaci\u00f3n Protectoras mediante un proceso integral de manejo forestal sostenible y valoramos los esfuerzos de quienes conforman esta cartera de esta en Pro de Ecuador Verde\u201d<\/p>\n<p style=\"text-align: justify;\">HMHR<\/p>\n","protected":false},"excerpt":{"rendered":"<p class=\"excerpt\">El pasado 19 de diciembre de 2014 el Ministerio del Ambiente realiz\u00f3 el Taller Forestal, Capacitaci\u00f3n y normativa calidad para los Directores Provinciales de la Naci\u00f3n. En este espacio se dio conocer sobre la sustanciaci\u00f3n de procesos administrativos, homogenizaci\u00f3n de aplicaci\u00f3n de la Ley Forestal y de Conservaci\u00f3n de \u00c1reas Naturales y Vida Silvestre. As\u00ed como, dar las directrices de&hellip; <a href=\"https:\/\/www.ambienteyenergia.gob.ec\/ambiente\/mae-presenta-plan-de-conservacion-de-areas-naturales-y-la-homogenizacion-de-la-ley-forestal\/\">Read more &rarr;<\/a><\/p>\n","protected":false},"author":13,"featured_media":23865,"comment_status":"open","ping_status":"open","sticky":false,"template":"","format":"standard","meta":{"footnotes":""},"categories":[16,4],"tags":[],"class_list":["post-23863","post","type-post","status-publish","format-standard","has-post-thumbnail","hentry","category-comunicamos","category-noticias","xfolkentry"],"_links":{"self":[{"href":"https:\/\/www.ambienteyenergia.gob.ec\/ambiente\/wp-json\/wp\/v2\/posts\/23863","targetHints":{"allow":["GET"]}}],"collection":[{"href":"https:\/\/www.ambienteyenergia.gob.ec\/ambiente\/wp-json\/wp\/v2\/posts"}],"about":[{"href":"https:\/\/www.ambienteyenergia.gob.ec\/ambiente\/wp-json\/wp\/v2\/types\/post"}],"author":[{"embeddable":true,"href":"https:\/\/www.ambienteyenergia.gob.ec\/ambiente\/wp-json\/wp\/v2\/users\/13"}],"replies":[{"embeddable":true,"href":"https:\/\/www.ambienteyenergia.gob.ec\/ambiente\/wp-json\/wp\/v2\/comments?post=23863"}],"version-history":[{"count":0,"href":"https:\/\/www.ambienteyenergia.gob.ec\/ambiente\/wp-json\/wp\/v2\/posts\/23863\/revisions"}],"wp:featuredmedia":[{"embeddable":true,"href":"https:\/\/www.ambienteyenergia.gob.ec\/ambiente\/wp-json\/wp\/v2\/media\/23865"}],"wp:attachment":[{"href":"https:\/\/www.ambienteyenergia.gob.ec\/ambiente\/wp-json\/wp\/v2\/media?parent=23863"}],"wp:term":[{"taxonomy":"category","embeddable":true,"href":"https:\/\/www.ambienteyenergia.gob.ec\/ambiente\/wp-json\/wp\/v2\/categories?post=23863"},{"taxonomy":"post_tag","embeddable":true,"href":"https:\/\/www.ambienteyenergia.gob.ec\/ambiente\/wp-json\/wp\/v2\/tags?post=23863"}],"curies":[{"name":"wp","href":"https:\/\/api.w.org\/{rel}","templated":true}]}}