{"id":23859,"date":"2014-12-20T09:15:08","date_gmt":"2014-12-20T14:15:08","guid":{"rendered":"http:\/\/www.ambiente.gob.ec\/?p=23859"},"modified":"2014-12-20T09:15:08","modified_gmt":"2014-12-20T14:15:08","slug":"mae-entrega-incentivos-economicos-a-beneficiarios-de-socio-manglar","status":"publish","type":"post","link":"https:\/\/www.ambienteyenergia.gob.ec\/ambiente\/mae-entrega-incentivos-economicos-a-beneficiarios-de-socio-manglar\/","title":{"rendered":"MAE entrega incentivos econ\u00f3micos a beneficiarios de Socio Manglar"},"content":{"rendered":"<p><span style=\"font-family: Calibri, sans-serif;\"><span style=\"font-size: medium;\"><span lang=\"es-EC\">El Ministerio del Ambiente de Ecuador (MAE) a trav\u00e9s de su Programa de Incentivos Socio Bosque, Cap\u00edtulo Socio Manglar, hizo entrega de los primeros incentivos econ\u00f3micos a usuarios ancestrales custodios del manglar de tres asociaciones del Golfo de Guayaquil y una de la Provincia del Oro.<\/span><\/span><\/span><\/p>\n<p><span style=\"font-family: Calibri, sans-serif;\"><span style=\"font-size: medium;\"><span lang=\"es-EC\">Fernando Garc\u00eda, Coordinador del Cap\u00edtulo Socio Manglar, dio la bienvenida al evento, e indic\u00f3 los alcances que hasta el momento ha tenido este cap\u00edtulo, en el que adem\u00e1s invit\u00f3 a que m\u00e1s asociaciones se unan.<\/span><\/span><\/span><\/p>\n<p><span style=\"font-family: Calibri, sans-serif;\"><span style=\"font-size: medium;\"><span lang=\"es-EC\">Luis Su\u00e1rez, Director Ejecutivo de Conservaci\u00f3n Internacional Ecuador tambi\u00e9n intervino en el programa, donde se\u00f1al\u00f3 sentirse orgulloso de colaborar con un proyecto beneficioso para el cuidado sostenible y sustentable del manglar para los diferentes asociados, custodios del manglar.<\/span><\/span><\/span><\/p>\n<p><span style=\"font-family: Calibri, sans-serif;\"><span style=\"font-size: medium;\"><span lang=\"es-EC\">Las 4 agrupaciones beneficiadas con 102 322,97 USD de incentivos fueron: Asociaci\u00f3n de Cangrejeros 6 de julio, Cooperativa de Producci\u00f3n Pesquera Artesanal Nuevo Porvenir, Asociaci\u00f3n de Cangrejeros y Pescadores 21 de Mayo Puerto Roma y la Asociaci\u00f3n de Concheros Crust\u00e1ceos y Pescadores Artesanales y afines las Huacas, por conservar cerca de 7 440,99 hect\u00e1reas.<\/span><\/span><\/span><\/p>\n<p><span style=\"font-family: Calibri, sans-serif;\"><span style=\"font-size: medium;\"><span lang=\"es-EC\">Luis L\u00f3pez, Presidente de la Asociaci\u00f3n 6 de Julio, indic\u00f3 que se sent\u00eda emocionado con este nuevo incentivo recibido de parte del MAE, porque adem\u00e1s de ser econ\u00f3mico es de compromiso con el ambiente.<\/span><\/span><\/span><\/p>\n<p><span style=\"font-family: Calibri, sans-serif;\"><span style=\"font-size: medium;\"><span lang=\"es-EC\">Adem\u00e1s se firmaron siete nuevos acuerdos de Uso Sustentable y Custodia del Manglar a Usuarios Ancestrales de las cooperativas y asociaciones: Producci\u00f3n Pesquera Artesanal \u201cVikingos del Mar\u201d, Puerto Grande, Asociaci\u00f3n de Cangrejeros 17 de enero, Asociaci\u00f3n de Producci\u00f3n Artesanal y afines \u201cSan Antonio\u201d, Asociaci\u00f3n de pescadores \u201cLos preciados\u201d, Asociaci\u00f3n Mariscadores y Anexos \u201c11 de enero\u201d y la Asociaci\u00f3n \u201cNi un paso atr\u00e1s\u201d.<\/span><\/span><\/span><\/p>\n<p><span style=\"font-family: Calibri, sans-serif;\"><span style=\"font-size: medium;\"><span lang=\"es-EC\">Por su parte Eli\u00e9cer Cruz Bed\u00f3n, Subsecretario de Gesti\u00f3n Marina y Costera (SGMC), destac\u00f3 la participaci\u00f3n de las diferentes asociaciones tanto las que han recibido los incentivos como las que acababan de recibir los nuevos acuerdos de Uso Sustentable y Custodia de Manglar.<\/span><\/span><\/span><\/p>\n<p><span style=\"font-family: Calibri, sans-serif;\"><span style=\"font-size: medium;\"><span lang=\"es-EC\">Estos acuerdos son una herramienta de conservaci\u00f3n, implementada por el Gobierno Nacional a trav\u00e9s del Ministerio del Ambiente. Los agremiados de las asociaciones de pescadores, cangrejeros y\/o afines, quienes son los beneficiados, pueden extraer los recursos naturales, como peces, conchas, cangrejos, jaibas, entre otros, de forma sustentable, en igualdad de condiciones y cumpliendo normas establecidas en el plan de manejo de la concesi\u00f3n.<\/span><\/span><\/span><\/p>\n<p><span style=\"font-family: Calibri, sans-serif;\"><span style=\"font-size: medium;\"><span lang=\"es-EC\">Los beneficiados se convierten en \u201cguardianes del manglar\u201d, pues realizan diferentes actividades para proteger el manglar, evitando la tala, extracci\u00f3n de recursos con m\u00e9todos no aprobados, entre otros.\/gr-ds<\/span><\/span><\/span><\/p>\n","protected":false},"excerpt":{"rendered":"<p class=\"excerpt\">El Ministerio del Ambiente de Ecuador (MAE) a trav\u00e9s de su Programa de Incentivos Socio Bosque, Cap\u00edtulo Socio Manglar, hizo entrega de los primeros incentivos econ\u00f3micos a usuarios ancestrales custodios del manglar de tres asociaciones del Golfo de Guayaquil y una de la Provincia del Oro. Fernando Garc\u00eda, Coordinador del Cap\u00edtulo Socio Manglar, dio la bienvenida al evento, e indic\u00f3&hellip; <a href=\"https:\/\/www.ambienteyenergia.gob.ec\/ambiente\/mae-entrega-incentivos-economicos-a-beneficiarios-de-socio-manglar\/\">Read more &rarr;<\/a><\/p>\n","protected":false},"author":13,"featured_media":23860,"comment_status":"open","ping_status":"open","sticky":false,"template":"","format":"standard","meta":{"footnotes":""},"categories":[16,4],"tags":[309,334,108,53,603],"class_list":["post-23859","post","type-post","status-publish","format-standard","has-post-thumbnail","hentry","category-comunicamos","category-noticias","tag-conservacion","tag-incentivos","tag-lorena-tapia","tag-mae","tag-socio-manglar","xfolkentry"],"_links":{"self":[{"href":"https:\/\/www.ambienteyenergia.gob.ec\/ambiente\/wp-json\/wp\/v2\/posts\/23859","targetHints":{"allow":["GET"]}}],"collection":[{"href":"https:\/\/www.ambienteyenergia.gob.ec\/ambiente\/wp-json\/wp\/v2\/posts"}],"about":[{"href":"https:\/\/www.ambienteyenergia.gob.ec\/ambiente\/wp-json\/wp\/v2\/types\/post"}],"author":[{"embeddable":true,"href":"https:\/\/www.ambienteyenergia.gob.ec\/ambiente\/wp-json\/wp\/v2\/users\/13"}],"replies":[{"embeddable":true,"href":"https:\/\/www.ambienteyenergia.gob.ec\/ambiente\/wp-json\/wp\/v2\/comments?post=23859"}],"version-history":[{"count":0,"href":"https:\/\/www.ambienteyenergia.gob.ec\/ambiente\/wp-json\/wp\/v2\/posts\/23859\/revisions"}],"wp:featuredmedia":[{"embeddable":true,"href":"https:\/\/www.ambienteyenergia.gob.ec\/ambiente\/wp-json\/wp\/v2\/media\/23860"}],"wp:attachment":[{"href":"https:\/\/www.ambienteyenergia.gob.ec\/ambiente\/wp-json\/wp\/v2\/media?parent=23859"}],"wp:term":[{"taxonomy":"category","embeddable":true,"href":"https:\/\/www.ambienteyenergia.gob.ec\/ambiente\/wp-json\/wp\/v2\/categories?post=23859"},{"taxonomy":"post_tag","embeddable":true,"href":"https:\/\/www.ambienteyenergia.gob.ec\/ambiente\/wp-json\/wp\/v2\/tags?post=23859"}],"curies":[{"name":"wp","href":"https:\/\/api.w.org\/{rel}","templated":true}]}}