{"id":23850,"date":"2014-12-19T16:46:40","date_gmt":"2014-12-19T21:46:40","guid":{"rendered":"http:\/\/www.ambiente.gob.ec\/?p=23850"},"modified":"2014-12-19T16:50:39","modified_gmt":"2014-12-19T21:50:39","slug":"mae-rescata-dos-especimenes-de-fauna-silvestre-en-santo-domingo-de-los-tsachilas","status":"publish","type":"post","link":"https:\/\/www.ambienteyenergia.gob.ec\/ambiente\/mae-rescata-dos-especimenes-de-fauna-silvestre-en-santo-domingo-de-los-tsachilas\/","title":{"rendered":"MAE rescata dos espec\u00edmenes de fauna silvestre en Santo Domingo de los Ts\u00e1chilas"},"content":{"rendered":"<p lang=\"es-EC\" align=\"JUSTIFY\"><span style=\"color: #000000;\">T\u00e9cnicos de la Unidad de Patrimonio Natural del Ministerio del Ambiente de Ecuador (MAE) y Agentes de la Unidad de Protecci\u00f3n del Medio Ambiente (UPMA) de la Polic\u00eda Nacional rescataron dos espec\u00edmenes de fauna silvestre.<\/span><\/p>\n<p lang=\"es-EC\" align=\"JUSTIFY\"><span style=\"color: #000000;\">Tras un exitoso rescate, un perezoso de tres u\u00f1as (Bradypus variegatus) y un tuc\u00e1n (Ramphastos cuvieri) fueron trasladados hasta las instalaciones de la Direcci\u00f3n Provincial del Ambiente Santo Domingo de los Ts\u00e1chilas, donde se determin\u00f3 su procedencia y estado de salud.<\/span><\/p>\n<p lang=\"es-EC\" align=\"JUSTIFY\"><span style=\"color: #000000;\">Posteriormente, se los entreg\u00f3 en custodia temporal al Centro de Rescate \u201cCarlos Becdach\u201d, ubicado en el kil\u00f3metro 34 de la v\u00eda a Santo Domingo \u2013 La Concordia con la finalidad de salvaguardar su salud y tras el per\u00edodo de cuarentena poder determinar si poseen las condiciones necesarias para ser liberados en su h\u00e1bitat natural.<\/span><\/p>\n<p lang=\"es-EC\" align=\"JUSTIFY\"><span style=\"color: #000000;\">La Unidad de Patrimonio Natural ejecuta de forma permanente controles forestales y de vida silvestre con la finalidad de precautelar el bienestar de varias especies tanto de flora como de fauna de la regi\u00f3n.<\/span><\/p>\n<p lang=\"es-EC\" align=\"JUSTIFY\"><span style=\"color: #000000;\">El Ministerio de Ambiente invita a la ciudadan\u00eda a denunciar la ubicaci\u00f3n, tenencia y comercializaci\u00f3n de vida silvestre y de productos forestales madereros ilegales a los tel\u00e9fonos 1800 Ambiente (2624368), ECU 911, 115 de la Polic\u00eda Nacional o al 2276009 &#8211; 2746523 MAE Santo Domingo de los Ts\u00e1chilas.\/sj-ds<\/span><\/p>\n<p lang=\"es-EC\" align=\"JUSTIFY\"><a href=\"http:\/\/www.ambienteyenergia.gob.ec\/ambiente\/wp-content\/uploads\/2014\/12\/ENTREGA-FS-SDT-2014.jpg\"><img loading=\"lazy\" decoding=\"async\" class=\"wp-image-23852 alignleft\" src=\"http:\/\/www.ambienteyenergia.gob.ec\/ambiente\/wp-content\/uploads\/2014\/12\/ENTREGA-FS-SDT-2014-1024x768.jpg\" alt=\"ENTREGA FS-SDT 2014\" width=\"245\" height=\"186\" \/><\/a> <a href=\"http:\/\/www.ambienteyenergia.gob.ec\/ambiente\/wp-content\/uploads\/2014\/12\/TUCAN-SDT-2014.jpg\"><img loading=\"lazy\" decoding=\"async\" class=\"wp-image-23853 alignright\" src=\"http:\/\/www.ambienteyenergia.gob.ec\/ambiente\/wp-content\/uploads\/2014\/12\/TUCAN-SDT-2014-1024x768.jpg\" alt=\"TUCAN SDT-2014\" width=\"245\" height=\"187\" \/><\/a><\/p>\n","protected":false},"excerpt":{"rendered":"<p class=\"excerpt\">T\u00e9cnicos de la Unidad de Patrimonio Natural del Ministerio del Ambiente de Ecuador (MAE) y Agentes de la Unidad de Protecci\u00f3n del Medio Ambiente (UPMA) de la Polic\u00eda Nacional rescataron dos espec\u00edmenes de fauna silvestre. Tras un exitoso rescate, un perezoso de tres u\u00f1as (Bradypus variegatus) y un tuc\u00e1n (Ramphastos cuvieri) fueron trasladados hasta las instalaciones de la Direcci\u00f3n Provincial&hellip; <a href=\"https:\/\/www.ambienteyenergia.gob.ec\/ambiente\/mae-rescata-dos-especimenes-de-fauna-silvestre-en-santo-domingo-de-los-tsachilas\/\">Read more &rarr;<\/a><\/p>\n","protected":false},"author":13,"featured_media":23851,"comment_status":"open","ping_status":"open","sticky":false,"template":"","format":"standard","meta":{"footnotes":""},"categories":[16,4],"tags":[447,108,53,408],"class_list":["post-23850","post","type-post","status-publish","format-standard","has-post-thumbnail","hentry","category-comunicamos","category-noticias","tag-decomiso","tag-lorena-tapia","tag-mae","tag-vida-silvestre","xfolkentry"],"_links":{"self":[{"href":"https:\/\/www.ambienteyenergia.gob.ec\/ambiente\/wp-json\/wp\/v2\/posts\/23850","targetHints":{"allow":["GET"]}}],"collection":[{"href":"https:\/\/www.ambienteyenergia.gob.ec\/ambiente\/wp-json\/wp\/v2\/posts"}],"about":[{"href":"https:\/\/www.ambienteyenergia.gob.ec\/ambiente\/wp-json\/wp\/v2\/types\/post"}],"author":[{"embeddable":true,"href":"https:\/\/www.ambienteyenergia.gob.ec\/ambiente\/wp-json\/wp\/v2\/users\/13"}],"replies":[{"embeddable":true,"href":"https:\/\/www.ambienteyenergia.gob.ec\/ambiente\/wp-json\/wp\/v2\/comments?post=23850"}],"version-history":[{"count":0,"href":"https:\/\/www.ambienteyenergia.gob.ec\/ambiente\/wp-json\/wp\/v2\/posts\/23850\/revisions"}],"wp:featuredmedia":[{"embeddable":true,"href":"https:\/\/www.ambienteyenergia.gob.ec\/ambiente\/wp-json\/wp\/v2\/media\/23851"}],"wp:attachment":[{"href":"https:\/\/www.ambienteyenergia.gob.ec\/ambiente\/wp-json\/wp\/v2\/media?parent=23850"}],"wp:term":[{"taxonomy":"category","embeddable":true,"href":"https:\/\/www.ambienteyenergia.gob.ec\/ambiente\/wp-json\/wp\/v2\/categories?post=23850"},{"taxonomy":"post_tag","embeddable":true,"href":"https:\/\/www.ambienteyenergia.gob.ec\/ambiente\/wp-json\/wp\/v2\/tags?post=23850"}],"curies":[{"name":"wp","href":"https:\/\/api.w.org\/{rel}","templated":true}]}}