{"id":23847,"date":"2014-12-19T10:01:57","date_gmt":"2014-12-19T15:01:57","guid":{"rendered":"http:\/\/www.ambiente.gob.ec\/?p=23847"},"modified":"2014-12-19T10:01:57","modified_gmt":"2014-12-19T15:01:57","slug":"132-guardaparques-se-capacitaron-en-el-parque-nacional-galapagos","status":"publish","type":"post","link":"https:\/\/www.ambienteyenergia.gob.ec\/ambiente\/132-guardaparques-se-capacitaron-en-el-parque-nacional-galapagos\/","title":{"rendered":"132 guardaparques se capacitaron en el Parque Nacional Gal\u00e1pagos"},"content":{"rendered":"<p style=\"margin-bottom: 0cm; text-align: justify;\" align=\"JUSTIFY\">Los conocimientos impartidos permitir\u00e1n mejorar la gesti\u00f3n normativa y t\u00e9cnica aplicada a sus labores diarias.<\/p>\n<p style=\"margin-bottom: 0cm; text-align: justify;\" align=\"JUSTIFY\">\nEl Ministerio del Ambiente, a trav\u00e9s de la Direcci\u00f3n del Parque Nacional Gal\u00e1pagos, con el objeto de actualizar conocimientos y mejorar la aplicaci\u00f3n de buenas pr\u00e1cticas ambientales relacionadas a las diferentes \u00e1reas de trabajo de los funcionarios de \u00e9sta instituci\u00f3n, desarroll\u00f3 el curso para \u201cGuardaparques Insulares y Marinos\u201d dictado por la Fundaci\u00f3n de Entrenamiento, Formaci\u00f3n y Capacitaci\u00f3n (OMY), la Secretar\u00eda T\u00e9cnica de Capacitaci\u00f3n y Formaci\u00f3n Profesional y con el aval del Ministerio del Trabajo.<\/p>\n<p style=\"margin-bottom: 0cm; text-align: justify;\" align=\"JUSTIFY\">\nDurante el desarrollo de los dos m\u00f3dulos con duraci\u00f3n de 100 horas acad\u00e9micas, los aspirantes recibieron fundamentos para la aplicaci\u00f3n y ejecuci\u00f3n de sus actividades dentro del Parque Nacional y Reserva Marina de Gal\u00e1pagos.<\/p>\n<p style=\"margin-bottom: 0cm; text-align: justify;\" align=\"JUSTIFY\">\nLos temas estuvieron orientados a realidad Nacional, seguridad y salud ocupacional, comunicaci\u00f3n asertiva y relaciones interpersonales, manejo y administraci\u00f3n del sistema de \u00e1reas protegidas, sistemas ecol\u00f3gicos, biolog\u00eda de vertebrados, biolog\u00eda de invertebrados y bot\u00e1nica.<\/p>\n<p style=\"margin-bottom: 0cm; text-align: justify;\" align=\"JUSTIFY\">\nEl curso de guardaparque se desarroll\u00f3 en la oficina central de Santa Cruz, y en las Unidades T\u00e9cnicas Operativas de San Crist\u00f3bal e Isabela, capacitando a un total de 132 guardaparques de campo que se desempe\u00f1an en el \u00e1rea terrestre y marina.<\/p>\n","protected":false},"excerpt":{"rendered":"<p class=\"excerpt\">Los conocimientos impartidos permitir\u00e1n mejorar la gesti\u00f3n normativa y t\u00e9cnica aplicada a sus labores diarias. El Ministerio del Ambiente, a trav\u00e9s de la Direcci\u00f3n del Parque Nacional Gal\u00e1pagos, con el objeto de actualizar conocimientos y mejorar la aplicaci\u00f3n de buenas pr\u00e1cticas ambientales relacionadas a las diferentes \u00e1reas de trabajo de los funcionarios de \u00e9sta instituci\u00f3n, desarroll\u00f3 el curso para \u201cGuardaparques&hellip; <a href=\"https:\/\/www.ambienteyenergia.gob.ec\/ambiente\/132-guardaparques-se-capacitaron-en-el-parque-nacional-galapagos\/\">Read more &rarr;<\/a><\/p>\n","protected":false},"author":13,"featured_media":23848,"comment_status":"open","ping_status":"open","sticky":false,"template":"","format":"standard","meta":{"footnotes":""},"categories":[16,4],"tags":[],"class_list":["post-23847","post","type-post","status-publish","format-standard","has-post-thumbnail","hentry","category-comunicamos","category-noticias","xfolkentry"],"_links":{"self":[{"href":"https:\/\/www.ambienteyenergia.gob.ec\/ambiente\/wp-json\/wp\/v2\/posts\/23847","targetHints":{"allow":["GET"]}}],"collection":[{"href":"https:\/\/www.ambienteyenergia.gob.ec\/ambiente\/wp-json\/wp\/v2\/posts"}],"about":[{"href":"https:\/\/www.ambienteyenergia.gob.ec\/ambiente\/wp-json\/wp\/v2\/types\/post"}],"author":[{"embeddable":true,"href":"https:\/\/www.ambienteyenergia.gob.ec\/ambiente\/wp-json\/wp\/v2\/users\/13"}],"replies":[{"embeddable":true,"href":"https:\/\/www.ambienteyenergia.gob.ec\/ambiente\/wp-json\/wp\/v2\/comments?post=23847"}],"version-history":[{"count":0,"href":"https:\/\/www.ambienteyenergia.gob.ec\/ambiente\/wp-json\/wp\/v2\/posts\/23847\/revisions"}],"wp:featuredmedia":[{"embeddable":true,"href":"https:\/\/www.ambienteyenergia.gob.ec\/ambiente\/wp-json\/wp\/v2\/media\/23848"}],"wp:attachment":[{"href":"https:\/\/www.ambienteyenergia.gob.ec\/ambiente\/wp-json\/wp\/v2\/media?parent=23847"}],"wp:term":[{"taxonomy":"category","embeddable":true,"href":"https:\/\/www.ambienteyenergia.gob.ec\/ambiente\/wp-json\/wp\/v2\/categories?post=23847"},{"taxonomy":"post_tag","embeddable":true,"href":"https:\/\/www.ambienteyenergia.gob.ec\/ambiente\/wp-json\/wp\/v2\/tags?post=23847"}],"curies":[{"name":"wp","href":"https:\/\/api.w.org\/{rel}","templated":true}]}}