{"id":23843,"date":"2014-12-18T14:17:46","date_gmt":"2014-12-18T19:17:46","guid":{"rendered":"http:\/\/www.ambiente.gob.ec\/?p=23843"},"modified":"2014-12-18T14:17:46","modified_gmt":"2014-12-18T19:17:46","slug":"mae-socializa-normativa-049-sobre-destino-final-de-productos-forestales-en-chimborazo","status":"publish","type":"post","link":"https:\/\/www.ambienteyenergia.gob.ec\/ambiente\/mae-socializa-normativa-049-sobre-destino-final-de-productos-forestales-en-chimborazo\/","title":{"rendered":"MAE socializa Normativa 049 sobre Destino final de productos forestales en Chimborazo"},"content":{"rendered":"<p style=\"margin-top: 0.18cm; margin-bottom: 0.18cm; font-weight: normal; line-height: 115%;\" align=\"JUSTIFY\"><span style=\"color: #000000;\"><span style=\"font-family: Arial;\"><span style=\"font-size: small;\"><span style=\"background: transparent;\">Con el objetivo de ense\u00f1ar e incentivar la importancia del manejo y utilizaci\u00f3n legal de los recursos forestales, la Direcci\u00f3n Provincial del Ambiente de Chimborazo socializ\u00f3 la Normativa N\u00b0 049 &#8211; Destino final y Procedimiento de aprovechamiento forestal a personas dedicadas a la explotaci\u00f3n, compra y venta de madera.<\/span><\/span><\/span><\/span><\/p>\n<p style=\"margin-top: 0.18cm; margin-bottom: 0.18cm; font-weight: normal; line-height: 115%;\" align=\"JUSTIFY\">\n<p style=\"margin-top: 0.18cm; margin-bottom: 0.18cm; font-weight: normal; line-height: 115%;\" align=\"JUSTIFY\"><span style=\"color: #000000;\"><span style=\"font-family: Arial;\"><span style=\"font-size: small;\"><span style=\"background: transparent;\">Al evento de socializaci\u00f3n asistieron 50 personas que se dedican al aprovechamiento, transporte, comercializaci\u00f3n de la madera y subproductos de la madera.<\/span><\/span><\/span><\/span><\/p>\n<p style=\"margin-top: 0.18cm; margin-bottom: 0.18cm; font-weight: normal; line-height: 115%;\" align=\"JUSTIFY\">\n<p style=\"margin-top: 0.18cm; margin-bottom: 0.18cm; font-weight: normal; line-height: 115%;\" align=\"JUSTIFY\"><span style=\"color: #000000;\"><span style=\"font-family: Arial;\"><span style=\"font-size: small;\"><span style=\"background: transparent;\">Durante el desarrollo de la charla dirigida por los t\u00e9cnicos de la Unidad Forestal del Ministerio del Ambiente de Ecuador (MAE) surgieron varias preguntas acerca de los pasos para llenar con datos los anexos que se encuentran en el Acuerdo Ministerial N\u00b0049 &#8211; Destino Final. <\/span><\/span><\/span><\/span><\/p>\n<p style=\"margin-top: 0.18cm; margin-bottom: 0.18cm; font-weight: normal; line-height: 115%;\" align=\"JUSTIFY\">\n<p style=\"margin-top: 0.18cm; margin-bottom: 0.18cm; font-weight: normal; line-height: 115%;\" align=\"JUSTIFY\"><span style=\"color: #000000;\"><span style=\"font-family: Arial;\"><span style=\"font-size: small;\"><span style=\"background: transparent;\">En las provincias de la sierra central, el aprovechamiento de la madera se caracteriza por la explotaci\u00f3n de plantaciones de eucalipto (Eucaliptus globulus), pino (Pinus radiata, Pinus patula) y cipr\u00e9s (Cupressus macrocarpa). Chimborazo presenta la mayor cantidad de manufactura maderera primaria y secundaria, los mismos que son destinadas para la industria de astillas, f\u00e1bricas de pallet, industria de tableros, aglomerados, muebler\u00eda, producci\u00f3n de le\u00f1a, entre otros.<\/span><\/span><\/span><\/span><\/p>\n<p style=\"margin-top: 0.18cm; margin-bottom: 0.18cm; font-weight: normal; line-height: 115%;\" align=\"JUSTIFY\">\n<p style=\"margin-top: 0.18cm; margin-bottom: 0.18cm; font-weight: normal; line-height: 115%;\" align=\"JUSTIFY\"><span style=\"color: #000000;\"><span style=\"font-family: Arial;\"><span style=\"font-size: small;\"><span style=\"background: transparent;\">La Direcci\u00f3n Provincial desarrolla capacitaciones en diferentes tem\u00e1ticas concernientes a la actividad forestal dentro de la provincia de Chimborazo dirigidas a la ciudadan\u00eda para orientar y concientizar el buen uso y manejo de los recursos forestales existentes en nuestro pa\u00eds como lo estipula la Ley Forestal vigente.<\/span><\/span><\/span><\/span><\/p>\n","protected":false},"excerpt":{"rendered":"<p class=\"excerpt\">Con el objetivo de ense\u00f1ar e incentivar la importancia del manejo y utilizaci\u00f3n legal de los recursos forestales, la Direcci\u00f3n Provincial del Ambiente de Chimborazo socializ\u00f3 la Normativa N\u00b0 049 &#8211; Destino final y Procedimiento de aprovechamiento forestal a personas dedicadas a la explotaci\u00f3n, compra y venta de madera. Al evento de socializaci\u00f3n asistieron 50 personas que se dedican al&hellip; <a href=\"https:\/\/www.ambienteyenergia.gob.ec\/ambiente\/mae-socializa-normativa-049-sobre-destino-final-de-productos-forestales-en-chimborazo\/\">Read more &rarr;<\/a><\/p>\n","protected":false},"author":13,"featured_media":23844,"comment_status":"open","ping_status":"open","sticky":false,"template":"","format":"standard","meta":{"footnotes":""},"categories":[16,4],"tags":[],"class_list":["post-23843","post","type-post","status-publish","format-standard","has-post-thumbnail","hentry","category-comunicamos","category-noticias","xfolkentry"],"_links":{"self":[{"href":"https:\/\/www.ambienteyenergia.gob.ec\/ambiente\/wp-json\/wp\/v2\/posts\/23843","targetHints":{"allow":["GET"]}}],"collection":[{"href":"https:\/\/www.ambienteyenergia.gob.ec\/ambiente\/wp-json\/wp\/v2\/posts"}],"about":[{"href":"https:\/\/www.ambienteyenergia.gob.ec\/ambiente\/wp-json\/wp\/v2\/types\/post"}],"author":[{"embeddable":true,"href":"https:\/\/www.ambienteyenergia.gob.ec\/ambiente\/wp-json\/wp\/v2\/users\/13"}],"replies":[{"embeddable":true,"href":"https:\/\/www.ambienteyenergia.gob.ec\/ambiente\/wp-json\/wp\/v2\/comments?post=23843"}],"version-history":[{"count":0,"href":"https:\/\/www.ambienteyenergia.gob.ec\/ambiente\/wp-json\/wp\/v2\/posts\/23843\/revisions"}],"wp:featuredmedia":[{"embeddable":true,"href":"https:\/\/www.ambienteyenergia.gob.ec\/ambiente\/wp-json\/wp\/v2\/media\/23844"}],"wp:attachment":[{"href":"https:\/\/www.ambienteyenergia.gob.ec\/ambiente\/wp-json\/wp\/v2\/media?parent=23843"}],"wp:term":[{"taxonomy":"category","embeddable":true,"href":"https:\/\/www.ambienteyenergia.gob.ec\/ambiente\/wp-json\/wp\/v2\/categories?post=23843"},{"taxonomy":"post_tag","embeddable":true,"href":"https:\/\/www.ambienteyenergia.gob.ec\/ambiente\/wp-json\/wp\/v2\/tags?post=23843"}],"curies":[{"name":"wp","href":"https:\/\/api.w.org\/{rel}","templated":true}]}}