{"id":23840,"date":"2014-12-18T12:38:16","date_gmt":"2014-12-18T17:38:16","guid":{"rendered":"http:\/\/www.ambiente.gob.ec\/?p=23840"},"modified":"2014-12-18T12:38:16","modified_gmt":"2014-12-18T17:38:16","slug":"el-mae-con-apoyo-de-cfn-promueve-incentivos-verdes-para-empresarios","status":"publish","type":"post","link":"https:\/\/www.ambienteyenergia.gob.ec\/ambiente\/el-mae-con-apoyo-de-cfn-promueve-incentivos-verdes-para-empresarios\/","title":{"rendered":"El MAE con apoyo de CFN promueve incentivos verdes para empresarios"},"content":{"rendered":"<p style=\"text-align: justify;\">El Ministerio del Ambiente (MAE) y la Corporaci\u00f3n Financiera Nacional (CFN), firmaron\u00a0hoy\u00a0una Nota Reversal con el objeto\u00a0de\u00a0promover la cooperaci\u00f3n mutua en b\u00fasqueda de impulsar el desarrollo sostenible de los agentes econ\u00f3micos y en especial el sector industrial del pa\u00eds, as\u00ed como la utilizaci\u00f3n racional de los recursos naturales, compatibilizando la eficiencia econ\u00f3mica con la mejora en la calidad de vida y el bienestar ciudadano.<\/p>\n<p style=\"text-align: justify;\">\n<p style=\"text-align: justify;\">En el acto de oficializaci\u00f3n de esta alianza estrat\u00e9gica, la Ministra de Ambiente, Lorena Tapia N\u00fa\u00f1ez reconoci\u00f3 que a trav\u00e9s de esta nueva Nota se pretende vincular a m\u00e1s actores del sector productivo del pa\u00eds a los mecanismos que esta Cartera de Estado ha desarrollado, como el incentivo a las Buenas Pr\u00e1cticas Ambientale \u2018Punto Verde\u2019 \u00a0y fomentar la aplicaci\u00f3n de procesos de producci\u00f3n m\u00e1s limpia.<\/p>\n<p style=\"text-align: justify;\">\n<p style=\"text-align: justify;\">\u201cEsta iniciativa conjunta busca que m\u00e1s empresas se unan a los mecanismos de producci\u00f3n m\u00e1s limpia desarrollaros por el MAE, con la promoci\u00f3n del uso eficiente de recursos, uso de energ\u00edas de fuentes renovables minimizando los impactos ambientales de car\u00e1cter negativo, todo esto por medio de beneficios econ\u00f3micos a trav\u00e9s de la Corporaci\u00f3n Financiera Nacional\u201d, recalc\u00f3 la Ministra Tapia.<\/p>\n<p style=\"text-align: justify;\">\n<p style=\"text-align: justify;\">Este acuerdo interinstitucional reforzar\u00e1 varios de los mecanismos para\u00a0fomentar la eficiencia de la utilizaci\u00f3n de recursos de las instituciones y empresas a nivel nacional, con el objetivo de\u00a0lograr\u00a0una\u00a0industria m\u00e1s limpia a nivel nacional.<\/p>\n<p style=\"text-align: justify;\">\n<p style=\"text-align: justify;\">Por su parte\u00a0Mar\u00eda Soledad Barrera, Presidenta de la CFN, reconoci\u00f3 que entre los beneficios al sector productivo se pretende generar una l\u00ednea de cr\u00e9dito diferente a las existentes en los productos ofrecidos por la CFN, esto implica que las empresas acreedoras de uno o varios incentivos ambientales del MAE, as\u00ed como los proponentes nuevos accedan a un producto crediticio.<\/p>\n<p style=\"text-align: justify;\">\n<p style=\"text-align: justify;\">Se busca generar Mecanismos de Cooperaci\u00f3n Interinstitucional para velar por la correcta ejecuci\u00f3n de estudios, programas e implementaci\u00f3n de proyectos de desarrollo, que cuenten con el apoyo de las dos entidades, y que implementen dentro de los mismos mecanismos de producci\u00f3n m\u00e1s limpia.\u00a0A m\u00e1s de brindar capacitaciones y\/o talleres que se requieran, para actualizar los conocimientos de los funcionarios de las dos entidades en cuanto a temas referentes a la ejecuci\u00f3n de la Nota Reversal.<\/p>\n<p style=\"text-align: justify;\">\n<p style=\"text-align: justify;\">Con esto el MAE y la CFN refuerzan una vez m\u00e1s el compromiso del Gobierno Central por garantizar el respeto de los Derechos de la Naturaleza as\u00ed como una adecuada aplicaci\u00f3n de procesos industriales responsables ambientalmente por un Ecuador Verde.<\/p>\n","protected":false},"excerpt":{"rendered":"<p class=\"excerpt\">El Ministerio del Ambiente (MAE) y la Corporaci\u00f3n Financiera Nacional (CFN), firmaron\u00a0hoy\u00a0una Nota Reversal con el objeto\u00a0de\u00a0promover la cooperaci\u00f3n mutua en b\u00fasqueda de impulsar el desarrollo sostenible de los agentes econ\u00f3micos y en especial el sector industrial del pa\u00eds, as\u00ed como la utilizaci\u00f3n racional de los recursos naturales, compatibilizando la eficiencia econ\u00f3mica con la mejora en la calidad de vida&hellip; <a href=\"https:\/\/www.ambienteyenergia.gob.ec\/ambiente\/el-mae-con-apoyo-de-cfn-promueve-incentivos-verdes-para-empresarios\/\">Read more &rarr;<\/a><\/p>\n","protected":false},"author":13,"featured_media":23841,"comment_status":"open","ping_status":"open","sticky":false,"template":"","format":"standard","meta":{"footnotes":""},"categories":[16,4],"tags":[],"class_list":["post-23840","post","type-post","status-publish","format-standard","has-post-thumbnail","hentry","category-comunicamos","category-noticias","xfolkentry"],"_links":{"self":[{"href":"https:\/\/www.ambienteyenergia.gob.ec\/ambiente\/wp-json\/wp\/v2\/posts\/23840","targetHints":{"allow":["GET"]}}],"collection":[{"href":"https:\/\/www.ambienteyenergia.gob.ec\/ambiente\/wp-json\/wp\/v2\/posts"}],"about":[{"href":"https:\/\/www.ambienteyenergia.gob.ec\/ambiente\/wp-json\/wp\/v2\/types\/post"}],"author":[{"embeddable":true,"href":"https:\/\/www.ambienteyenergia.gob.ec\/ambiente\/wp-json\/wp\/v2\/users\/13"}],"replies":[{"embeddable":true,"href":"https:\/\/www.ambienteyenergia.gob.ec\/ambiente\/wp-json\/wp\/v2\/comments?post=23840"}],"version-history":[{"count":0,"href":"https:\/\/www.ambienteyenergia.gob.ec\/ambiente\/wp-json\/wp\/v2\/posts\/23840\/revisions"}],"wp:featuredmedia":[{"embeddable":true,"href":"https:\/\/www.ambienteyenergia.gob.ec\/ambiente\/wp-json\/wp\/v2\/media\/23841"}],"wp:attachment":[{"href":"https:\/\/www.ambienteyenergia.gob.ec\/ambiente\/wp-json\/wp\/v2\/media?parent=23840"}],"wp:term":[{"taxonomy":"category","embeddable":true,"href":"https:\/\/www.ambienteyenergia.gob.ec\/ambiente\/wp-json\/wp\/v2\/categories?post=23840"},{"taxonomy":"post_tag","embeddable":true,"href":"https:\/\/www.ambienteyenergia.gob.ec\/ambiente\/wp-json\/wp\/v2\/tags?post=23840"}],"curies":[{"name":"wp","href":"https:\/\/api.w.org\/{rel}","templated":true}]}}