{"id":23830,"date":"2014-12-17T11:59:15","date_gmt":"2014-12-17T16:59:15","guid":{"rendered":"http:\/\/www.ambiente.gob.ec\/?p=23830"},"modified":"2014-12-17T11:59:15","modified_gmt":"2014-12-17T16:59:15","slug":"mae-trabaja-en-la-creacion-de-una-area-estrategica-para-la-conservacion-del-condor-andino","status":"publish","type":"post","link":"https:\/\/www.ambienteyenergia.gob.ec\/ambiente\/mae-trabaja-en-la-creacion-de-una-area-estrategica-para-la-conservacion-del-condor-andino\/","title":{"rendered":"MAE trabaja en la creaci\u00f3n de una \u00c1rea Estrat\u00e9gica para la Conservaci\u00f3n del C\u00f3ndor Andino"},"content":{"rendered":"<p style=\"margin-bottom: 0.35cm; line-height: 115%;\" align=\"justify\">Con el fin de proteger a los aproximadamente 50 c\u00f3ndores andinos en estado silvestre y 18 c\u00f3ndores en cautiverio (Censo 2009) que existen en el Ecuador, el Ministerio del Ambiente, a trav\u00e9s de la Direcci\u00f3n Provincial de Azuay, trabaja conjuntamente con el GAD de Nab\u00f3n, en la coordinaci\u00f3n, seguimiento, creaci\u00f3n y elaboraci\u00f3n del informe T\u00e9cnico sobre la Gesti\u00f3n para la Creaci\u00f3n de un \u00c1rea Estrat\u00e9gica para la Conservaci\u00f3n del C\u00f3ndor Andino, con la finalidad de garantizar las condiciones ecol\u00f3gicas para esta y otras especies del cant\u00f3n de Nab\u00f3n.<\/p>\n<p style=\"margin-bottom: 0.35cm; line-height: 115%;\" align=\"justify\">Actualmente se trabaja en elaboraci\u00f3n del Plan de Acci\u00f3n respectivo, para llevar adelante dicho proyecto, el primer paso es la de equipos de campo modernos, para el efectivo desempe\u00f1o de estas actividades.<\/p>\n<p style=\"margin-bottom: 0.35cm; line-height: 115%;\" align=\"justify\">El c\u00f3ndor andino (Vultur gryphus) cumple un rol ecol\u00f3gico importante como un carro\u00f1ero, porque acelera el proceso de descomposici\u00f3n de los animales muertos, disminuyendo as\u00ed el riesgo de enfermedades asociadas a la putrefacci\u00f3n lenta de los animales. Adem\u00e1s, es el ave s\u00edmbolo de nuestro pa\u00eds, por ello la importancia de generar acciones que protejan su existencia.<\/p>\n<p style=\"margin-bottom: 0.35cm; line-height: 115%;\" align=\"justify\">En este marco, el MAE realiza varias acciones para la conservaci\u00f3n de esta especie, como: socializaciones sobre conservaci\u00f3n de h\u00e1bitats en el Sistema Nacional \u00c1reas Protegidas; estudios de las poblaciones en cautiverio y silvestres; campa\u00f1as anuales de sensibilizaci\u00f3n en zonas de avistamiento y la implementaci\u00f3n de la Estrategia Nacional del C\u00f3ndor Andino.<\/p>\n","protected":false},"excerpt":{"rendered":"<p class=\"excerpt\">Con el fin de proteger a los aproximadamente 50 c\u00f3ndores andinos en estado silvestre y 18 c\u00f3ndores en cautiverio (Censo 2009) que existen en el Ecuador, el Ministerio del Ambiente, a trav\u00e9s de la Direcci\u00f3n Provincial de Azuay, trabaja conjuntamente con el GAD de Nab\u00f3n, en la coordinaci\u00f3n, seguimiento, creaci\u00f3n y elaboraci\u00f3n del informe T\u00e9cnico sobre la Gesti\u00f3n para la&hellip; <a href=\"https:\/\/www.ambienteyenergia.gob.ec\/ambiente\/mae-trabaja-en-la-creacion-de-una-area-estrategica-para-la-conservacion-del-condor-andino\/\">Read more &rarr;<\/a><\/p>\n","protected":false},"author":13,"featured_media":22884,"comment_status":"open","ping_status":"open","sticky":false,"template":"","format":"standard","meta":{"footnotes":""},"categories":[16,4],"tags":[387],"class_list":["post-23830","post","type-post","status-publish","format-standard","has-post-thumbnail","hentry","category-comunicamos","category-noticias","tag-mae-lorena-tapia","xfolkentry"],"_links":{"self":[{"href":"https:\/\/www.ambienteyenergia.gob.ec\/ambiente\/wp-json\/wp\/v2\/posts\/23830","targetHints":{"allow":["GET"]}}],"collection":[{"href":"https:\/\/www.ambienteyenergia.gob.ec\/ambiente\/wp-json\/wp\/v2\/posts"}],"about":[{"href":"https:\/\/www.ambienteyenergia.gob.ec\/ambiente\/wp-json\/wp\/v2\/types\/post"}],"author":[{"embeddable":true,"href":"https:\/\/www.ambienteyenergia.gob.ec\/ambiente\/wp-json\/wp\/v2\/users\/13"}],"replies":[{"embeddable":true,"href":"https:\/\/www.ambienteyenergia.gob.ec\/ambiente\/wp-json\/wp\/v2\/comments?post=23830"}],"version-history":[{"count":0,"href":"https:\/\/www.ambienteyenergia.gob.ec\/ambiente\/wp-json\/wp\/v2\/posts\/23830\/revisions"}],"wp:featuredmedia":[{"embeddable":true,"href":"https:\/\/www.ambienteyenergia.gob.ec\/ambiente\/wp-json\/wp\/v2\/media\/22884"}],"wp:attachment":[{"href":"https:\/\/www.ambienteyenergia.gob.ec\/ambiente\/wp-json\/wp\/v2\/media?parent=23830"}],"wp:term":[{"taxonomy":"category","embeddable":true,"href":"https:\/\/www.ambienteyenergia.gob.ec\/ambiente\/wp-json\/wp\/v2\/categories?post=23830"},{"taxonomy":"post_tag","embeddable":true,"href":"https:\/\/www.ambienteyenergia.gob.ec\/ambiente\/wp-json\/wp\/v2\/tags?post=23830"}],"curies":[{"name":"wp","href":"https:\/\/api.w.org\/{rel}","templated":true}]}}